{"id":660200,"date":"2026-01-13T08:14:10","date_gmt":"2026-01-13T08:14:10","guid":{"rendered":"https:\/\/www.europesays.com\/fr\/660200\/"},"modified":"2026-01-13T08:14:10","modified_gmt":"2026-01-13T08:14:10","slug":"brian-madjo-quitte-le-fc-metz-football-club-de-metz-infos-fc-metz-entrainements-fc-metz","status":"publish","type":"post","link":"https:\/\/www.europesays.com\/fr\/660200\/","title":{"rendered":"Brian Madjo quitte le FC Metz | Football Club de Metz &#8211; Infos FC Metz &#8211; Entra\u00eenements FC Metz"},"content":{"rendered":"<p style=\"text-align: justify;\">Le FC Metz annonce le d\u00e9part de Brian Madjo vers l\u2019Angleterre. Le jour de son 17\u00e8me\u00a0anniversaire, l\u2019attaquant anglo-luxembourgeois va s\u2019engager avec Aston Villa, actuel troisi\u00e8me de Premier League.<\/p>\n<p style=\"text-align: justify;\">N\u00e9 en 2009 \u00e0 Enfield (Angleterre), Brian Madjo avait pos\u00e9 ses valises sur les bords de la Moselle \u00e0 l\u2019hiver 2023. Arriv\u00e9 en provenance du Racing Luxembourg, il avait rapidement montr\u00e9 l\u2019\u00e9tendue de son talent au sein du centre de formation grenat o\u00f9 il est notamment parvenu \u00e0 inscrire 12 buts avec l\u2019\u00e9quipe U19, lors du r\u00e9cent exercice en 2024-2025.<\/p>\n<p style=\"text-align: justify;\">Logiquement courtis\u00e9 par de nombreuses formations europ\u00e9ennes durant l\u2019\u00e9t\u00e9 dernier, Brian Madjo avait pourtant choisi de signer son premier contrat professionnel au sein de son club formateur. Ainsi, quelques semaines plus tard, il r\u00e9alisait ses d\u00e9buts en Ligue 1 McDonalds, \u00e0 l\u2019\u00e2ge de 16 ans, le 17 ao\u00fbt 2025, face au RC Strasbourg-Alsace.<\/p>\n<p style=\"text-align: justify;\">Le FC Metz remercie Brian Madjo pour ses ann\u00e9es messines et lui souhaite le meilleur pour la suite de sa carri\u00e8re.<\/p>\n","protected":false},"excerpt":{"rendered":"Le FC Metz annonce le d\u00e9part de Brian Madjo vers l\u2019Angleterre. Le jour de son 17\u00e8me\u00a0anniversaire, l\u2019attaquant anglo-luxembourgeois&hellip;\n","protected":false},"author":2,"featured_media":660201,"comment_status":"","ping_status":"","sticky":false,"template":"","format":"standard","meta":{"footnotes":""},"categories":[1410],"tags":[19298,63,1011,27,19297,60,19299],"class_list":{"0":"post-660200","1":"post","2":"type-post","3":"status-publish","4":"format-standard","5":"has-post-thumbnail","7":"category-football","8":"tag-entrainements-fc-metz","9":"tag-football","10":"tag-fr","11":"tag-france","12":"tag-infos-fc-metz","13":"tag-sports","14":"tag-videos-fc-metz"},"share_on_mastodon":{"url":"https:\/\/pubeurope.com\/@fr\/115886795300357314","error":""},"_links":{"self":[{"href":"https:\/\/www.europesays.com\/fr\/wp-json\/wp\/v2\/posts\/660200","targetHints":{"allow":["GET"]}}],"collection":[{"href":"https:\/\/www.europesays.com\/fr\/wp-json\/wp\/v2\/posts"}],"about":[{"href":"https:\/\/www.europesays.com\/fr\/wp-json\/wp\/v2\/types\/post"}],"author":[{"embeddable":true,"href":"https:\/\/www.europesays.com\/fr\/wp-json\/wp\/v2\/users\/2"}],"replies":[{"embeddable":true,"href":"https:\/\/www.europesays.com\/fr\/wp-json\/wp\/v2\/comments?post=660200"}],"version-history":[{"count":0,"href":"https:\/\/www.europesays.com\/fr\/wp-json\/wp\/v2\/posts\/660200\/revisions"}],"wp:featuredmedia":[{"embeddable":true,"href":"https:\/\/www.europesays.com\/fr\/wp-json\/wp\/v2\/media\/660201"}],"wp:attachment":[{"href":"https:\/\/www.europesays.com\/fr\/wp-json\/wp\/v2\/media?parent=660200"}],"wp:term":[{"taxonomy":"category","embeddable":true,"href":"https:\/\/www.europesays.com\/fr\/wp-json\/wp\/v2\/categories?post=660200"},{"taxonomy":"post_tag","embeddable":true,"href":"https:\/\/www.europesays.com\/fr\/wp-json\/wp\/v2\/tags?post=660200"}],"curies":[{"name":"wp","href":"https:\/\/api.w.org\/{rel}","templated":true}]}}