{"id":660212,"date":"2026-01-13T08:24:15","date_gmt":"2026-01-13T08:24:15","guid":{"rendered":"https:\/\/www.europesays.com\/fr\/660212\/"},"modified":"2026-01-13T08:24:15","modified_gmt":"2026-01-13T08:24:15","slug":"la-marine-indonesienne-a-receptionne-en-italie-son-second-ppa","status":"publish","type":"post","link":"https:\/\/www.europesays.com\/fr\/660212\/","title":{"rendered":"La marine indon\u00e9sienne a r\u00e9ceptionn\u00e9 en Italie son second PPA"},"content":{"rendered":"<p>\n      Apr\u00e8s le KRI Brawijaya l\u2019\u00e9t\u00e9 dernier, Fincantieri a officiellement livr\u00e9, le 22 d\u00e9cembre, le KRI Prabu Siliwangi \u00e0 l\u2019Indon\u00e9sie, qui a achet\u00e9 en 2024 ces deux b\u00e2timents initialement construits pour la marine italienne dans le cadre du programme PPA (Pattugliatore Polivalente d\u2019Altura).\n    <\/p>\n<p>La c\u00e9r\u00e9monie s\u2019est d\u00e9roul\u00e9e au chantier Fincantieri de Muggiano, dans la baie de La Spezia, o\u00f9 le constructeur italien assure l\u2019armement \u00e0 flot des coques des grands b\u00e2timents de combat assembl\u00e9es dans son site de Riva Trigoso. Le 8 janvier, le KRI Prabu Siliwangi a quitt\u00e9 Muggiano pour traverser la baie et s\u2019installer dans la base navale de La Spezia, o\u00f9 le b\u00e2timent et son \u00e9quipage vont b\u00e9n\u00e9ficier de plusieurs semaines d\u2019entrainement avant de partir pour l\u2019Indon\u00e9sie, o\u00f9 son a\u00een\u00e9 le KRI Brawijaya, livr\u00e9 le 3 juillet dernier, <a href=\"https:\/\/www.meretmarine.com\/fr\/defense\/l-indonesie-accueille-le-premier-des-deux-ppa-achetes-a-l-italie\" target=\"_blank\" rel=\"noopener\">est arriv\u00e9 le 4 septembre dernier apr\u00e8s un mois de transit depuis l\u2019Italie<\/a>.\u00a0<\/p>\n<p>\u00a0<\/p>\n<p>      Le KRI Prabu Siliwangi, ex-Ruggiero di Lauria.\u00a0<\/p>\n<p>\u00a0<\/p>\n<p>\n                  Diaporama                <\/p>\n<p>La nouvelle fr\u00e9gate indon\u00e9sienne KRI Prabu Siliwangi. <\/p>\n<p>\u00a0<\/p>\n<p>      Le KRI Prabu Siliwangi le 8 janvier en baie de La Spezia.\u00a0<\/p>\n<p>\u00a0<\/p>\n<p>D\u00e9sign\u00e9es fr\u00e9gates par la marine indon\u00e9sienne, ces unit\u00e9s de 143 m\u00e8tres de\u00a0long pour une largeur de 16.5 m\u00e8tres affichent un d\u00e9placement de 6270 tonnes en charge. Pouvant accueillir jusqu\u2019\u00e0 171 personnels et atteindre la vitesse de 31 n\u0153uds, elles sont \u00e9quip\u00e9es de deux lanceurs verticaux octuples Sylver A50 pour 16 missiles surface-air Aster, une tourelle de 127 mm, un canon de 76 mm et deux aff\u00fbts t\u00e9l\u00e9op\u00e9r\u00e9s de 25 mm. Un emplacement permettra d\u2019ajouter ult\u00e9rieurement 8 missiles antinavires. Dot\u00e9s d&rsquo;un syst\u00e8me de direction de combat SADOC de Leonardo, qui fournit \u00e9galement les principaux capteurs, dont un radar principal de la famille Kronos \u00e0 quatre panneaux fixes et deux brouilleurs, les b\u00e2timents peuvent embarquer deux h\u00e9licopt\u00e8res.\u00a0<\/p>\n<p>Mis \u00e0 l\u2019eau en novembre 2022 et octobre 2023, les KRI Brawijaya et KRI Prabu Siliwangi font partie des sept PPA command\u00e9s en 2015 pour la Marina militare. Ils s\u2019appelaient initialement Marcantonio Colonna et Ruggiero di Lauria, avant donc d\u2019\u00eatre acquis par l\u2019Indon\u00e9sie, la commande \u00e9tant annonc\u00e9e en mars 2024 pour un montant de pr\u00e8s de 1.2 milliard d\u2019euros.\u00a0<\/p>\n<p>A ce stade, la marine italienne, elle, aligne quatre PPA, les Paolo Thaon di Revel et Francesco Morosini, livr\u00e9s en mars et octobre 2022, ainsi que les Raimondo Montecuccoli\u00a0et Giovanni delle Bande Nere, r\u00e9ceptionn\u00e9s en septembre 2023 et octobre 2024. Le septi\u00e8me de la s\u00e9rie,\u00a0<a href=\"https:\/\/www.meretmarine.com\/fr\/defense\/fincantieri-lance-un-septieme-ppa\" target=\"_blank\" rel=\"noopener\">le Domenico Millelire, a \u00e9t\u00e9 mis \u00e0 l\u2019eau en juillet 2024\u00a0<\/a>et doit int\u00e9grer la Marina militare \u00e0 l\u2019\u00e9t\u00e9 2026. Pour compenser l\u2019acquisition effectu\u00e9e par l\u2019Indon\u00e9sie, deux nouveaux PPA ont \u00e9t\u00e9 command\u00e9s en juin dernier \u00e0 Fincantieri par le minist\u00e8re italien de la D\u00e9fense. Les nouveaux Marcantonio Colonna et Ruggiero di Lauria devraient rejoindre la Marina militare en 2029 et 2030.\u00a0<\/p>\n<p>\u00a0<strong>\u00a9 Un article de la r\u00e9daction de Mer et Marine.\u00a0Reproduction interdite sans consentement du ou des auteurs. \u00a0<\/strong><\/p>\n<p>\u00a0<\/p>\n","protected":false},"excerpt":{"rendered":"Apr\u00e8s le KRI Brawijaya l\u2019\u00e9t\u00e9 dernier, Fincantieri a officiellement livr\u00e9, le 22 d\u00e9cembre, le KRI Prabu Siliwangi \u00e0&hellip;\n","protected":false},"author":2,"featured_media":660213,"comment_status":"","ping_status":"","sticky":false,"template":"","format":"standard","meta":{"footnotes":""},"categories":[9],"tags":[6130,6141,6131,6138,2380,6135,554,6136,1011,27,6139,6134,3135,6128,567,6129,6127,6132,4838,6133,6140,60,6137],"class_list":{"0":"post-660212","1":"post","2":"type-post","3":"status-publish","4":"format-standard","5":"has-post-thumbnail","7":"category-sports","8":"tag-chantiers","9":"tag-commando","10":"tag-construction-navale","11":"tag-costa","12":"tag-croisiere","13":"tag-dcns","14":"tag-defense","15":"tag-euronaval","16":"tag-fr","17":"tag-france","18":"tag-fremm","19":"tag-interviews","20":"tag-littoral","21":"tag-marine","22":"tag-marine-nationale","23":"tag-maritime","24":"tag-mer","25":"tag-offshore","26":"tag-peche","27":"tag-reportages","28":"tag-sncm","29":"tag-sports","30":"tag-stx"},"share_on_mastodon":{"url":"https:\/\/pubeurope.com\/@fr\/115886834538410201","error":""},"_links":{"self":[{"href":"https:\/\/www.europesays.com\/fr\/wp-json\/wp\/v2\/posts\/660212","targetHints":{"allow":["GET"]}}],"collection":[{"href":"https:\/\/www.europesays.com\/fr\/wp-json\/wp\/v2\/posts"}],"about":[{"href":"https:\/\/www.europesays.com\/fr\/wp-json\/wp\/v2\/types\/post"}],"author":[{"embeddable":true,"href":"https:\/\/www.europesays.com\/fr\/wp-json\/wp\/v2\/users\/2"}],"replies":[{"embeddable":true,"href":"https:\/\/www.europesays.com\/fr\/wp-json\/wp\/v2\/comments?post=660212"}],"version-history":[{"count":0,"href":"https:\/\/www.europesays.com\/fr\/wp-json\/wp\/v2\/posts\/660212\/revisions"}],"wp:featuredmedia":[{"embeddable":true,"href":"https:\/\/www.europesays.com\/fr\/wp-json\/wp\/v2\/media\/660213"}],"wp:attachment":[{"href":"https:\/\/www.europesays.com\/fr\/wp-json\/wp\/v2\/media?parent=660212"}],"wp:term":[{"taxonomy":"category","embeddable":true,"href":"https:\/\/www.europesays.com\/fr\/wp-json\/wp\/v2\/categories?post=660212"},{"taxonomy":"post_tag","embeddable":true,"href":"https:\/\/www.europesays.com\/fr\/wp-json\/wp\/v2\/tags?post=660212"}],"curies":[{"name":"wp","href":"https:\/\/api.w.org\/{rel}","templated":true}]}}