{"id":660224,"date":"2026-01-13T08:30:25","date_gmt":"2026-01-13T08:30:25","guid":{"rendered":"https:\/\/www.europesays.com\/fr\/660224\/"},"modified":"2026-01-13T08:30:25","modified_gmt":"2026-01-13T08:30:25","slug":"marine-le-pen-sera-jugee-pour-detournements-de-fonds-publics","status":"publish","type":"post","link":"https:\/\/www.europesays.com\/fr\/660224\/","title":{"rendered":"Marine Le Pen sera jug\u00e9e pour d\u00e9tournements de fonds publics"},"content":{"rendered":"<p>                     <img loading=\"lazy\" decoding=\"async\" src=\"https:\/\/www.europesays.com\/fr\/wp-content\/uploads\/2026\/01\/a0a4116_ftp-1-vbmuan30ocwv-5847237-01-06.jpg\" alt=\"Marine Le Pen, cheffe de file du Rassemblement national, au tribunal correctionnel de Paris pour son proc\u00e8s pour d\u00e9tournement pr\u00e9sum\u00e9 de fonds publics europ\u00e9ens, le 18\u00a0novembre\u00a02024.\"   width=\"664\" height=\"443\"\/>    Marine Le Pen, cheffe de file du Rassemblement national, au tribunal correctionnel de Paris pour son proc\u00e8s pour d\u00e9tournement pr\u00e9sum\u00e9 de fonds publics europ\u00e9ens, le 18\u00a0novembre\u00a02024.  ALAIN JOCARD\/AFP                 <\/p>\n<p class=\"article__paragraph  \">L\u2019avenir politique de Marine Le Pen va se jouer \u00e0 partir de mardi 13\u00a0janvier\u00a0: l\u2019ancienne pr\u00e9sidente du Rassemblement national (RN), condamn\u00e9e le 31\u00a0mars\u00a02025\u00a0\u00e0 quatre ans de prison, dont deux ferme mais sous bracelet \u00e9lectronique, et \u00e0 cinq ans d\u2019in\u00e9ligibilit\u00e9 avec ex\u00e9cution provisoire \u2013 c\u2019est-\u00e0-dire imm\u00e9diate \u2013, va \u00eatre jug\u00e9e en appel jusqu\u2019au 12\u00a0f\u00e9vrier \u00e0 Paris pour d\u00e9tournements de fonds publics dans l\u2019affaire des assistants parlementaires europ\u00e9ens du Front national. La d\u00e9cision n\u2019est pas attendue avant l\u2019\u00e9t\u00e9. Pour l\u2019heure, la d\u00e9put\u00e9e du Pas-de-Calais a perdu son droit de vote et n\u2019est plus \u00e9ligible, mais une jurisprudence du Conseil constitutionnel lui permet de terminer son mandat.<\/p>\n<p>   Lire plus tard  <\/p>\n<p class=\"article__paragraph  \">En cas de nouvelle condamnation \u2013 et l\u2019hypoth\u00e8se n\u2019est pas improbable \u2013, Marine Le Pen risque dix ans de prison et ne pourra gu\u00e8re se pr\u00e9senter \u00e0 l\u2019\u00e9lection pr\u00e9sidentielle de 2027. Si son in\u00e9ligibilit\u00e9 \u00e9tait confirm\u00e9e, la d\u00e9put\u00e9e a indiqu\u00e9 d\u00e9but novembre\u00a02025\u00a0qu\u2019elle ne se pr\u00e9senterait \u00ab\u00a0\u00e9videmment pas\u00a0\u00bb, sans attendre une d\u00e9cision de la Cour de cassation. A l\u2019inverse, elle a r\u00e9p\u00e9t\u00e9 qu\u2019il \u00e9tait \u00ab\u00a0s\u00fbr et certain\u00a0\u00bb qu\u2019elle briguerait \u00e0 nouveau la pr\u00e9sidence de la R\u00e9publique \u00ab\u00a0si elle pouvait \u00eatre candidate\u00a0\u00bb et a confi\u00e9 conserver un \u00ab\u00a0tout petit espoir\u00a0\u00bb.<\/p>\n<p class=\"reading-mode-only \"><strong>Il vous reste 86.37% de cet article \u00e0 lire. La suite est r\u00e9serv\u00e9e aux abonn\u00e9s.<\/strong><\/p>\n","protected":false},"excerpt":{"rendered":"Marine Le Pen, cheffe de file du Rassemblement national, au tribunal correctionnel de Paris pour son proc\u00e8s pour&hellip;\n","protected":false},"author":2,"featured_media":660225,"comment_status":"","ping_status":"","sticky":false,"template":"","format":"standard","meta":{"footnotes":""},"categories":[2],"tags":[11,1011,27,12],"class_list":{"0":"post-660224","1":"post","2":"type-post","3":"status-publish","4":"format-standard","5":"has-post-thumbnail","7":"category-actualites","8":"tag-actualites","9":"tag-fr","10":"tag-france","11":"tag-news"},"share_on_mastodon":{"url":"https:\/\/pubeurope.com\/@fr\/115886858184815287","error":""},"_links":{"self":[{"href":"https:\/\/www.europesays.com\/fr\/wp-json\/wp\/v2\/posts\/660224","targetHints":{"allow":["GET"]}}],"collection":[{"href":"https:\/\/www.europesays.com\/fr\/wp-json\/wp\/v2\/posts"}],"about":[{"href":"https:\/\/www.europesays.com\/fr\/wp-json\/wp\/v2\/types\/post"}],"author":[{"embeddable":true,"href":"https:\/\/www.europesays.com\/fr\/wp-json\/wp\/v2\/users\/2"}],"replies":[{"embeddable":true,"href":"https:\/\/www.europesays.com\/fr\/wp-json\/wp\/v2\/comments?post=660224"}],"version-history":[{"count":0,"href":"https:\/\/www.europesays.com\/fr\/wp-json\/wp\/v2\/posts\/660224\/revisions"}],"wp:featuredmedia":[{"embeddable":true,"href":"https:\/\/www.europesays.com\/fr\/wp-json\/wp\/v2\/media\/660225"}],"wp:attachment":[{"href":"https:\/\/www.europesays.com\/fr\/wp-json\/wp\/v2\/media?parent=660224"}],"wp:term":[{"taxonomy":"category","embeddable":true,"href":"https:\/\/www.europesays.com\/fr\/wp-json\/wp\/v2\/categories?post=660224"},{"taxonomy":"post_tag","embeddable":true,"href":"https:\/\/www.europesays.com\/fr\/wp-json\/wp\/v2\/tags?post=660224"}],"curies":[{"name":"wp","href":"https:\/\/api.w.org\/{rel}","templated":true}]}}