{"id":660226,"date":"2026-01-13T08:31:11","date_gmt":"2026-01-13T08:31:11","guid":{"rendered":"https:\/\/www.europesays.com\/fr\/660226\/"},"modified":"2026-01-13T08:31:11","modified_gmt":"2026-01-13T08:31:11","slug":"quelles-sont-les-idees-des-candidats-aux-municipales","status":"publish","type":"post","link":"https:\/\/www.europesays.com\/fr\/660226\/","title":{"rendered":"quelles sont les id\u00e9es des candidats aux municipales\u00a0?"},"content":{"rendered":"<p>Alors que le calendrier pr\u00e9voyait une livraison en 2025, le chantier de d\u00e9molition n\u2019a toujours pas d\u00e9but\u00e9 sur les abords nord de Novaci\u00e9ries. Le projet de liaison au centre-ville est \u00e0 l\u2019arr\u00eat.<\/p>\n<p>Situ\u00e9e quasiment en face de l\u2019entr\u00e9e principale de Novaci\u00e9ries, la halle Lathuilli\u00e8re, une ancienne usine, attend, elle aussi, d\u2019\u00eatre restaur\u00e9e et m\u00eame de savoir ce qu\u2019elle va devenir. \u00c0 l\u2019int\u00e9rieur, sur 650 m2\u00a0 d\u2019emprise au sol, 605 m2\u00a0 constituent une surface utile, selon les chiffres communiqu\u00e9s par la Ville. Au second niveau, c\u2019est 130 m\u00b2 qui sont disponibles et tout&#8230;<\/p>\n","protected":false},"excerpt":{"rendered":"Alors que le calendrier pr\u00e9voyait une livraison en 2025, le chantier de d\u00e9molition n\u2019a toujours pas d\u00e9but\u00e9 sur&hellip;\n","protected":false},"author":2,"featured_media":660227,"comment_status":"","ping_status":"","sticky":false,"template":"","format":"standard","meta":{"footnotes":""},"categories":[9653],"tags":[1111,11,2430,4406,1984,33,7539,4188,1777,674,1011,27,937,1908,12,316,25,9669,9670,4001,104,1631],"class_list":{"0":"post-660226","1":"post","2":"type-post","3":"status-publish","4":"format-standard","5":"has-post-thumbnail","7":"category-saint-etienne","8":"tag-actu","9":"tag-actualites","10":"tag-auvergne-rhone-alpes","11":"tag-commerce-et-services","12":"tag-conseil-municipal","13":"tag-economie","14":"tag-edition-loire-sud","15":"tag-elections-municipales","16":"tag-eu","17":"tag-europe","18":"tag-fr","19":"tag-france","20":"tag-histoire","21":"tag-logement","22":"tag-news","23":"tag-politique","24":"tag-republique-francaise","25":"tag-saint-chamond","26":"tag-saint-chamond-ville","27":"tag-saint-etienne","28":"tag-societe","29":"tag-vie-associative"},"share_on_mastodon":{"url":"https:\/\/pubeurope.com\/@fr\/115886862215735230","error":""},"_links":{"self":[{"href":"https:\/\/www.europesays.com\/fr\/wp-json\/wp\/v2\/posts\/660226","targetHints":{"allow":["GET"]}}],"collection":[{"href":"https:\/\/www.europesays.com\/fr\/wp-json\/wp\/v2\/posts"}],"about":[{"href":"https:\/\/www.europesays.com\/fr\/wp-json\/wp\/v2\/types\/post"}],"author":[{"embeddable":true,"href":"https:\/\/www.europesays.com\/fr\/wp-json\/wp\/v2\/users\/2"}],"replies":[{"embeddable":true,"href":"https:\/\/www.europesays.com\/fr\/wp-json\/wp\/v2\/comments?post=660226"}],"version-history":[{"count":0,"href":"https:\/\/www.europesays.com\/fr\/wp-json\/wp\/v2\/posts\/660226\/revisions"}],"wp:featuredmedia":[{"embeddable":true,"href":"https:\/\/www.europesays.com\/fr\/wp-json\/wp\/v2\/media\/660227"}],"wp:attachment":[{"href":"https:\/\/www.europesays.com\/fr\/wp-json\/wp\/v2\/media?parent=660226"}],"wp:term":[{"taxonomy":"category","embeddable":true,"href":"https:\/\/www.europesays.com\/fr\/wp-json\/wp\/v2\/categories?post=660226"},{"taxonomy":"post_tag","embeddable":true,"href":"https:\/\/www.europesays.com\/fr\/wp-json\/wp\/v2\/tags?post=660226"}],"curies":[{"name":"wp","href":"https:\/\/api.w.org\/{rel}","templated":true}]}}