{"id":660234,"date":"2026-01-13T08:35:23","date_gmt":"2026-01-13T08:35:23","guid":{"rendered":"https:\/\/www.europesays.com\/fr\/660234\/"},"modified":"2026-01-13T08:35:23","modified_gmt":"2026-01-13T08:35:23","slug":"var-suspension-de-la-commercialisation-des-coquillages-de-la-baie-du-lazaret","status":"publish","type":"post","link":"https:\/\/www.europesays.com\/fr\/660234\/","title":{"rendered":"Var : Suspension de la commercialisation des coquillages de la baie du Lazaret"},"content":{"rendered":"<p>&#13;<br \/>\n        &#13;<br \/>\n&#13;<br \/>\n        &#13;<br \/>\n&#13;<\/p>\n<p>        <a href=\"https:\/\/www.europesays.com\/fr\/wp-content\/uploads\/2025\/11\/DSC09080.jpg\" data-caption=\"\"><img loading=\"lazy\" decoding=\"async\" width=\"696\" height=\"392\" class=\"entry-thumb td-modal-image\" src=\"https:\/\/www.europesays.com\/fr\/wp-content\/uploads\/2025\/11\/DSC09080.jpg\"   alt=\"\" title=\"pr\u00e9fecture du var\"\/><\/a><\/p>\n<p>Le pr\u00e9fet du Var a d\u00e9cid\u00e9 de suspendre temporairement la r\u00e9colte et la commercialisation des coquillages en provenance de la baie du Lazaret. Cette d\u00e9cision fait suite \u00e0 la survenue de plusieurs cas de toxi-infections alimentaires collectives li\u00e9s \u00e0 la consommation d\u2019hu\u00eetres issues de ce secteur.<br \/>Les investigations sanitaires ont mis en \u00e9vidence la pr\u00e9sence de norovirus dans les coquillages concern\u00e9s.<\/p>\n<p>Recommandations aux consommateurs<br \/>Les autorit\u00e9s sanitaires demandent aux personnes d\u00e9tenant des hu\u00eetres, moules ou palourdes susceptibles d\u2019\u00eatre concern\u00e9es de ne pas les consommer et de les rapporter au point de vente. En cas de doute, il est recommand\u00e9 de se renseigner aupr\u00e8s de son commer\u00e7ant afin de v\u00e9rifier l\u2019origine et la date de r\u00e9colte des produits achet\u00e9s.<br \/>Le norovirus est la cause la plus fr\u00e9quente de gastro-ent\u00e9rites aigu\u00ebs. Les sympt\u00f4mes \u2014 diarrh\u00e9es, vomissements, douleurs abdominales \u2014 apparaissent g\u00e9n\u00e9ralement entre 6 et 48 heures apr\u00e8s la consommation. En cas de signes de gastro-ent\u00e9rite, notamment chez les personnes fragiles, il est conseill\u00e9 de consulter un m\u00e9decin et d\u2019adopter des mesures d\u2019hygi\u00e8ne renforc\u00e9es, en particulier le lavage r\u00e9gulier des mains.<br \/>Cette mesure de suspension reste temporaire et sera lev\u00e9e d\u00e8s que les conditions de s\u00e9curit\u00e9 sanitaire permettront la r\u00e9ouverture des zones de production de la baie du Lazaret.<\/p>\n<p><a href=\"https:\/\/www.restosducoeur.org\/associations-departementales\/les-restos-du-coeur-du-var\/\" target=\"_blank\" rel=\"noopener\"><img decoding=\"async\" style=\"height:70px;width:140px\" src=\"https:\/\/www.europesays.com\/fr\/wp-content\/uploads\/2025\/04\/restos-du-coeur.jpg\"\/><\/a>        &#13;<br \/>\n&#13;<br \/>\n&#13;<br \/>\n        &#13;<br \/>\n                        &#13;<br \/>\n            &#13;<br \/>\n&#13;<br \/>\n                        Previous article<a href=\"https:\/\/www.tv83.info\/toulon-abysses\/\" target=\"_blank\" rel=\"noopener\">Toulon : Abysses<\/a>Next article<a href=\"https:\/\/www.tv83.info\/var-securite-nucleaire-des-enjeux-majeurs-au-coeur-des-echanges\/\" target=\"_blank\" rel=\"noopener\">Var : S\u00e9curit\u00e9 nucl\u00e9aire, des enjeux majeurs au c\u0153ur des \u00e9changes<\/a>            \t                &#13;<br \/>\n&#13;<\/p>\n","protected":false},"excerpt":{"rendered":"&#13; &#13; &#13; &#13; &#13; Le pr\u00e9fet du Var a d\u00e9cid\u00e9 de suspendre temporairement la r\u00e9colte et la&hellip;\n","protected":false},"author":2,"featured_media":526334,"comment_status":"","ping_status":"","sticky":false,"template":"","format":"standard","meta":{"footnotes":""},"categories":[9619],"tags":[1111,11,1777,674,1011,27,12,882,25,2310],"class_list":{"0":"post-660234","1":"post","2":"type-post","3":"status-publish","4":"format-standard","5":"has-post-thumbnail","7":"category-toulon","8":"tag-actu","9":"tag-actualites","10":"tag-eu","11":"tag-europe","12":"tag-fr","13":"tag-france","14":"tag-news","15":"tag-provence-alpes-cote-dazur","16":"tag-republique-francaise","17":"tag-toulon"},"share_on_mastodon":{"url":"https:\/\/pubeurope.com\/@fr\/115886877848232220","error":""},"_links":{"self":[{"href":"https:\/\/www.europesays.com\/fr\/wp-json\/wp\/v2\/posts\/660234","targetHints":{"allow":["GET"]}}],"collection":[{"href":"https:\/\/www.europesays.com\/fr\/wp-json\/wp\/v2\/posts"}],"about":[{"href":"https:\/\/www.europesays.com\/fr\/wp-json\/wp\/v2\/types\/post"}],"author":[{"embeddable":true,"href":"https:\/\/www.europesays.com\/fr\/wp-json\/wp\/v2\/users\/2"}],"replies":[{"embeddable":true,"href":"https:\/\/www.europesays.com\/fr\/wp-json\/wp\/v2\/comments?post=660234"}],"version-history":[{"count":0,"href":"https:\/\/www.europesays.com\/fr\/wp-json\/wp\/v2\/posts\/660234\/revisions"}],"wp:featuredmedia":[{"embeddable":true,"href":"https:\/\/www.europesays.com\/fr\/wp-json\/wp\/v2\/media\/526334"}],"wp:attachment":[{"href":"https:\/\/www.europesays.com\/fr\/wp-json\/wp\/v2\/media?parent=660234"}],"wp:term":[{"taxonomy":"category","embeddable":true,"href":"https:\/\/www.europesays.com\/fr\/wp-json\/wp\/v2\/categories?post=660234"},{"taxonomy":"post_tag","embeddable":true,"href":"https:\/\/www.europesays.com\/fr\/wp-json\/wp\/v2\/tags?post=660234"}],"curies":[{"name":"wp","href":"https:\/\/api.w.org\/{rel}","templated":true}]}}