{"id":660251,"date":"2026-01-13T08:46:10","date_gmt":"2026-01-13T08:46:10","guid":{"rendered":"https:\/\/www.europesays.com\/fr\/660251\/"},"modified":"2026-01-13T08:46:10","modified_gmt":"2026-01-13T08:46:10","slug":"le-port-autonome-de-strasbourg-veut-devenir-pionnier-dans-la-decarbonation","status":"publish","type":"post","link":"https:\/\/www.europesays.com\/fr\/660251\/","title":{"rendered":"Le port autonome de Strasbourg veut devenir pionnier dans la d\u00e9carbonation"},"content":{"rendered":"<p> Le port autonome de Strasbourg (Bas-Rhin) veut servir de site pilote dans la d\u00e9carbonation des activit\u00e9s industrielles en r\u00e9duisant de 81% ses \u00e9missions industrielles d&rsquo;ici 2025.<\/p>\n<p>Le port autonome de Strasbourg, <strong>deuxi\u00e8me plus grand port fluvial<\/strong> de France avec 7 millions de marchandises transport\u00e9es par an par bateaux et par trains, a comme objectif de r\u00e9duire de 81% ses \u00e9missions industrielles d&rsquo;ici 2050. Une feuille de route qui comporte des paliers, et donc des objectifs interm\u00e9diaires d\u00e8s 2030. \u00ab\u00a0Nous travaillons bien s\u00fbr avec les entreprises de la zone\u00a0\u00bb, pr\u00e9cise Claire Merlin, directrice du port autonome de Strasbourg, invit\u00e9e d&rsquo;ICI Alsace ce mardi 13 janvier.<\/p>\n<p>Au total, ce sont 200 millions d&rsquo;euros d&rsquo;investissements qui sont pr\u00e9vus dans les dix ans \u00e0 venir pour la d\u00e9carbonation des activit\u00e9s du port du Rhin, une zone qui compte plus de 500 entreprises au total.<\/p>\n<p>\u00c0 lire aussi   <img decoding=\"async\" src=\"https:\/\/www.europesays.com\/fr\/wp-content\/uploads\/2026\/01\/1768293970_619_400x400.jpeg\" alt=\"\" style=\"--_image-preview:url('data:image\/jpeg;base64,\/9j\/2wBDACgcHiMeGSgjISMtKygwPGRBPDc3PHtYXUlkkYCZlo+AjIqgtObDoKrarYqMyP\/L2u71\/\/\/\/m8H\/\/\/\/6\/+b9\/\/j\/2wBDASstLTw1PHZBQXb4pYyl+Pj4+Pj4+Pj4+Pj4+Pj4+Pj4+Pj4+Pj4+Pj4+Pj4+Pj4+Pj4+Pj4+Pj4+Pj4+Pj4+Pj\/wAARCAAXACoDASIAAhEBAxEB\/8QAGAABAQEBAQAAAAAAAAAAAAAAAgABAwT\/xAAXEAEBAQEAAAAAAAAAAAAAAAAAAREC\/8QAFQEBAQAAAAAAAAAAAAAAAAAAAQD\/xAAUEQEAAAAAAAAAAAAAAAAAAAAA\/9oADAMBAAIRAxEAPwDMWFjcBc8ZXSwLEAolWIvTCxIIbA6iRQWCkC\/\/2Q==');\" loading=\"lazy\" fetchpriority=\"low\" aria-hidden=\"true\" class=\"svelte-1cksh76 rounded\" onload=\"this.__e=event\" onerror=\"this.__e=event\"\/><\/p>\n","protected":false},"excerpt":{"rendered":"Le port autonome de Strasbourg (Bas-Rhin) veut servir de site pilote dans la d\u00e9carbonation des activit\u00e9s industrielles en&hellip;\n","protected":false},"author":2,"featured_media":660252,"comment_status":"","ping_status":"","sticky":false,"template":"","format":"standard","meta":{"footnotes":""},"categories":[2820],"tags":[1111,11,1777,674,1011,27,775,12,25,640],"class_list":{"0":"post-660251","1":"post","2":"type-post","3":"status-publish","4":"format-standard","5":"has-post-thumbnail","7":"category-strasbourg","8":"tag-actu","9":"tag-actualites","10":"tag-eu","11":"tag-europe","12":"tag-fr","13":"tag-france","14":"tag-grand-est","15":"tag-news","16":"tag-republique-francaise","17":"tag-strasbourg"},"share_on_mastodon":{"url":"https:\/\/pubeurope.com\/@fr\/115886921120398383","error":""},"_links":{"self":[{"href":"https:\/\/www.europesays.com\/fr\/wp-json\/wp\/v2\/posts\/660251","targetHints":{"allow":["GET"]}}],"collection":[{"href":"https:\/\/www.europesays.com\/fr\/wp-json\/wp\/v2\/posts"}],"about":[{"href":"https:\/\/www.europesays.com\/fr\/wp-json\/wp\/v2\/types\/post"}],"author":[{"embeddable":true,"href":"https:\/\/www.europesays.com\/fr\/wp-json\/wp\/v2\/users\/2"}],"replies":[{"embeddable":true,"href":"https:\/\/www.europesays.com\/fr\/wp-json\/wp\/v2\/comments?post=660251"}],"version-history":[{"count":0,"href":"https:\/\/www.europesays.com\/fr\/wp-json\/wp\/v2\/posts\/660251\/revisions"}],"wp:featuredmedia":[{"embeddable":true,"href":"https:\/\/www.europesays.com\/fr\/wp-json\/wp\/v2\/media\/660252"}],"wp:attachment":[{"href":"https:\/\/www.europesays.com\/fr\/wp-json\/wp\/v2\/media?parent=660251"}],"wp:term":[{"taxonomy":"category","embeddable":true,"href":"https:\/\/www.europesays.com\/fr\/wp-json\/wp\/v2\/categories?post=660251"},{"taxonomy":"post_tag","embeddable":true,"href":"https:\/\/www.europesays.com\/fr\/wp-json\/wp\/v2\/tags?post=660251"}],"curies":[{"name":"wp","href":"https:\/\/api.w.org\/{rel}","templated":true}]}}