{"id":660273,"date":"2026-01-13T09:00:18","date_gmt":"2026-01-13T09:00:18","guid":{"rendered":"https:\/\/www.europesays.com\/fr\/660273\/"},"modified":"2026-01-13T09:00:18","modified_gmt":"2026-01-13T09:00:18","slug":"bayeux-marseille-a-quelle-heure-et-sur-quelle-chaine-voir-le-16%e1%b5%89-de-finale-de-la-coupe-de-france","status":"publish","type":"post","link":"https:\/\/www.europesays.com\/fr\/660273\/","title":{"rendered":"Bayeux \u2013 Marseille : \u00e0 quelle heure et sur quelle cha\u00eene voir le 16\u1d49 de finale de la Coupe de France ?"},"content":{"rendered":"<p class=\"\">Bayeux vit une page exceptionnelle de son histoire en atteignant ce tour, une premi\u00e8re \u00e0 ce niveau dans le cadre d\u2019une Coupe de France souvent marqu\u00e9e par des surprises. Le club normand, \u00e9voluant plusieurs niveaux en dessous de l\u2019\u00e9lite, mise sur sa coh\u00e9sion et son enthousiasme pour densifier les duels, ralentir le tempo et obliger Marseille \u00e0 s\u2019exposer davantage. Marseille arrive en favori logique, mais la dynamique en championnat n\u2019est pas totalement lisse : l\u2019OM, troisi\u00e8me de Ligue 1 \u00e0 mi-saison, alterne phases dominantes et passages plus brouillons, et Roberto De Zerbi doit g\u00e9rer une saison charg\u00e9e avec des \u00e9ch\u00e9ances europ\u00e9ennes et nationales. Le succ\u00e8s en Coupe de France passe pour Marseille par une ma\u00eetrise pr\u00e9coce du jeu et une capacit\u00e9 \u00e0 exploiter les espaces laiss\u00e9s par un bloc bas, tout en limitant les transitions rapides qu\u2019un outsider peut provoquer. <\/p>\n","protected":false},"excerpt":{"rendered":"Bayeux vit une page exceptionnelle de son histoire en atteignant ce tour, une premi\u00e8re \u00e0 ce niveau dans&hellip;\n","protected":false},"author":2,"featured_media":660274,"comment_status":"","ping_status":"","sticky":false,"template":"","format":"standard","meta":{"footnotes":""},"categories":[2814],"tags":[1111,11,1777,674,1011,27,749,884,12,882,25],"class_list":{"0":"post-660273","1":"post","2":"type-post","3":"status-publish","4":"format-standard","5":"has-post-thumbnail","7":"category-marseille","8":"tag-actu","9":"tag-actualites","10":"tag-eu","11":"tag-europe","12":"tag-fr","13":"tag-france","14":"tag-guide-shopping","15":"tag-marseille","16":"tag-news","17":"tag-provence-alpes-cote-dazur","18":"tag-republique-francaise"},"share_on_mastodon":{"url":"https:\/\/pubeurope.com\/@fr\/115886976156328780","error":""},"_links":{"self":[{"href":"https:\/\/www.europesays.com\/fr\/wp-json\/wp\/v2\/posts\/660273","targetHints":{"allow":["GET"]}}],"collection":[{"href":"https:\/\/www.europesays.com\/fr\/wp-json\/wp\/v2\/posts"}],"about":[{"href":"https:\/\/www.europesays.com\/fr\/wp-json\/wp\/v2\/types\/post"}],"author":[{"embeddable":true,"href":"https:\/\/www.europesays.com\/fr\/wp-json\/wp\/v2\/users\/2"}],"replies":[{"embeddable":true,"href":"https:\/\/www.europesays.com\/fr\/wp-json\/wp\/v2\/comments?post=660273"}],"version-history":[{"count":0,"href":"https:\/\/www.europesays.com\/fr\/wp-json\/wp\/v2\/posts\/660273\/revisions"}],"wp:featuredmedia":[{"embeddable":true,"href":"https:\/\/www.europesays.com\/fr\/wp-json\/wp\/v2\/media\/660274"}],"wp:attachment":[{"href":"https:\/\/www.europesays.com\/fr\/wp-json\/wp\/v2\/media?parent=660273"}],"wp:term":[{"taxonomy":"category","embeddable":true,"href":"https:\/\/www.europesays.com\/fr\/wp-json\/wp\/v2\/categories?post=660273"},{"taxonomy":"post_tag","embeddable":true,"href":"https:\/\/www.europesays.com\/fr\/wp-json\/wp\/v2\/tags?post=660273"}],"curies":[{"name":"wp","href":"https:\/\/api.w.org\/{rel}","templated":true}]}}