{"id":660275,"date":"2026-01-13T09:01:11","date_gmt":"2026-01-13T09:01:11","guid":{"rendered":"https:\/\/www.europesays.com\/fr\/660275\/"},"modified":"2026-01-13T09:01:11","modified_gmt":"2026-01-13T09:01:11","slug":"en-direct-rhone-info-trafic-la-circulation-des-trains-interrompue-entre-lyon-et-bourg","status":"publish","type":"post","link":"https:\/\/www.europesays.com\/fr\/660275\/","title":{"rendered":"En direct Rh\u00f4ne. Info trafic\u00a0:\u00a0la circulation des trains interrompue entre Lyon et Bourg"},"content":{"rendered":"<p>Un accident s&rsquo;est produit sur <strong>l&rsquo;A46 sud<\/strong>, \u00e0 hauteur de Mions, en direction de Marseille. Un poids lourd et deux v\u00e9hicules l\u00e9gers seraient impliqu\u00e9s. Un ralentissement, d&rsquo;1 km pour le moment, s&rsquo;est form\u00e9 en amont et pourrait rapidement s&rsquo;allonger.<\/p>\n<p>En sens inverse, direction Paris, un bouchon d&rsquo;environ 5 km est toujours pr\u00e9sent entre Chaponnay et Saint-Priest.<\/p>\n","protected":false},"excerpt":{"rendered":"Un accident s&rsquo;est produit sur l&rsquo;A46 sud, \u00e0 hauteur de Mions, en direction de Marseille. Un poids lourd&hellip;\n","protected":false},"author":2,"featured_media":660276,"comment_status":"","ping_status":"","sticky":false,"template":"","format":"standard","meta":{"footnotes":""},"categories":[1889],"tags":[1111,11,2430,3542,3152,2757,3153,3154,3155,3156,1777,674,107,1011,27,2428,12,25,2429,2803],"class_list":{"0":"post-660275","1":"post","2":"type-post","3":"status-publish","4":"format-standard","5":"has-post-thumbnail","7":"category-lyon","8":"tag-actu","9":"tag-actualites","10":"tag-auvergne-rhone-alpes","11":"tag-circulation","12":"tag-edition-est-lyonnais","13":"tag-edition-lyon-villeurbanne","14":"tag-edition-ouest-lyonnais","15":"tag-edition-sud-lyonnais","16":"tag-edition-tarare","17":"tag-edition-villefranche","18":"tag-eu","19":"tag-europe","20":"tag-fil-info","21":"tag-fr","22":"tag-france","23":"tag-lyon","24":"tag-news","25":"tag-republique-francaise","26":"tag-rhone","27":"tag-transport"},"share_on_mastodon":{"url":"https:\/\/pubeurope.com\/@fr\/115886980103237059","error":""},"_links":{"self":[{"href":"https:\/\/www.europesays.com\/fr\/wp-json\/wp\/v2\/posts\/660275","targetHints":{"allow":["GET"]}}],"collection":[{"href":"https:\/\/www.europesays.com\/fr\/wp-json\/wp\/v2\/posts"}],"about":[{"href":"https:\/\/www.europesays.com\/fr\/wp-json\/wp\/v2\/types\/post"}],"author":[{"embeddable":true,"href":"https:\/\/www.europesays.com\/fr\/wp-json\/wp\/v2\/users\/2"}],"replies":[{"embeddable":true,"href":"https:\/\/www.europesays.com\/fr\/wp-json\/wp\/v2\/comments?post=660275"}],"version-history":[{"count":0,"href":"https:\/\/www.europesays.com\/fr\/wp-json\/wp\/v2\/posts\/660275\/revisions"}],"wp:featuredmedia":[{"embeddable":true,"href":"https:\/\/www.europesays.com\/fr\/wp-json\/wp\/v2\/media\/660276"}],"wp:attachment":[{"href":"https:\/\/www.europesays.com\/fr\/wp-json\/wp\/v2\/media?parent=660275"}],"wp:term":[{"taxonomy":"category","embeddable":true,"href":"https:\/\/www.europesays.com\/fr\/wp-json\/wp\/v2\/categories?post=660275"},{"taxonomy":"post_tag","embeddable":true,"href":"https:\/\/www.europesays.com\/fr\/wp-json\/wp\/v2\/tags?post=660275"}],"curies":[{"name":"wp","href":"https:\/\/api.w.org\/{rel}","templated":true}]}}