{"id":660278,"date":"2026-01-13T09:04:11","date_gmt":"2026-01-13T09:04:11","guid":{"rendered":"https:\/\/www.europesays.com\/fr\/660278\/"},"modified":"2026-01-13T09:04:11","modified_gmt":"2026-01-13T09:04:11","slug":"astek-prevoit-600-recrutements-en-ile-de-france-en-2026","status":"publish","type":"post","link":"https:\/\/www.europesays.com\/fr\/660278\/","title":{"rendered":"Astek pr\u00e9voit 600 recrutements en \u00cele-de-France en 2026"},"content":{"rendered":"<p><img loading=\"lazy\" decoding=\"async\" alt=\"\u00a9 Shutterstock - Le groupe de conseil en technologies Astek annonce 600 recrutements en \u00cele-de-France en 2026, sur un total de 1 800 en France, pour accompagner sa croissance.\" data-zoom-src=\"https:\/\/www.europesays.com\/fr\/wp-content\/uploads\/2026\/01\/initial-recrutement-astek.jpg\" data-zoomable=\"\" height=\"702\" src=\"https:\/\/www.europesays.com\/fr\/wp-content\/uploads\/2026\/01\/initial-recrutement-astek.jpg\" width=\"1248\"\/>  <\/p>\n<p class=\"article-desc\">\u00a9 Shutterstock &#8211; Le groupe de conseil en technologies Astek annonce 600 recrutements en \u00cele-de-France en 2026, sur un total de 1 800 en France, pour accompagner sa croissance. <\/p>\n<p>Astek, acteur international du <strong>conseil en technologies et en ing\u00e9nierie<\/strong>, poursuit en 2026 une politique de <a href=\"https:\/\/mesinfos.fr\/ile-de-france\/grand-paris-express-pres-d-un-million-d-emplois-dans-les-quartiers-gares-230471.html\" rel=\"noopener\" target=\"_blank\">recrutement<\/a> soutenue. Le groupe pr\u00e9voit l\u2019embauche de <strong>1 800 collaborateurs en France<\/strong>, dont <strong>600 en \u00cele-de-France<\/strong>, afin d\u2019accompagner sa croissance et de renforcer ses expertises sur des march\u00e9s en forte transformation. <\/p>\n<p>Jeunes dipl\u00f4m\u00e9s et expertises technologiques cibl\u00e9es <\/p>\n<p>Les<strong> jeunes dipl\u00f4m\u00e9s<\/strong> occupent une place centrale dans la politique de recrutement du groupe, qui entend faire de la premi\u00e8re exp\u00e9rience professionnelle un v\u00e9ritable <strong>tremplin de carri\u00e8re<\/strong>. Les profils recherch\u00e9s couvrent plusieurs domaines strat\u00e9giques, notamment l\u2019<a href=\"https:\/\/mesinfos.fr\/95100-argenteuil\/proman-lance-4-900-recrutements-dans-l-aeronautique-220437.html\" rel=\"noopener\" target=\"_blank\">a\u00e9ronautique<\/a>,<strong> l\u2019intelligence artificielle<\/strong>, la <strong>cybers\u00e9curit\u00e9<\/strong>, le <strong>cloud<\/strong> et les <strong>sciences de la vie<\/strong>. <\/p>\n<p>Astek met en avant des parcours de d\u00e9but de carri\u00e8re sur mesure, int\u00e9grant mentorat, mobilit\u00e9 entre m\u00e9tiers, \u00e9volutions rapides et opportunit\u00e9s de<strong> missions \u00e0 l\u2019international<\/strong>. <\/p>\n<p> Former et faire \u00e9voluer les comp\u00e9tences <\/p>\n<p>Le groupe est certifi\u00e9 <strong>Top Employer 2025<\/strong>, une distinction qui souligne ses pratiques en mati\u00e8re de gestion des talents, de formation, de diversit\u00e9 et d\u2019inclusion. Astek est \u00e9galement distingu\u00e9 pour la deuxi\u00e8me ann\u00e9e cons\u00e9cutive par le label <a href=\"https:\/\/mesinfos.fr\/77700-bailly-romainvilliers\/la-deloitte-university-une-experience-exceptionnelle-216014.html\" rel=\"noopener\" target=\"_blank\">Deloitte<\/a> Best Managed Companies, qui atteste de la solidit\u00e9 de son organisation et de sa gouvernance.<\/p>\n<p>La mont\u00e9e en comp\u00e9tences des collaborateurs repose sur<strong> l\u2019Universit\u00e9 Astek<\/strong>, organisme de formation interne agr\u00e9\u00e9. Ce dispositif est compl\u00e9t\u00e9 par des partenariats avec des \u00e9coles et universit\u00e9s, afin de renforcer les liens entre recherche acad\u00e9mique et besoins industriels, notamment dans les domaines du num\u00e9rique et de l\u2019innovation. <\/p>\n<p>L\u2019\u00cele-de-France, p\u00f4le strat\u00e9gique du groupe <\/p>\n<p>En<strong> \u00cele-de-France<\/strong>, <strong>Astek <\/strong>concentre une partie de ses enjeux op\u00e9rationnels et strat\u00e9giques, en particulier sur son site de <strong>Boulogne-Billancourt<\/strong>. Cette implantation, proche des grands acteurs technologiques et des <strong>centres d\u00e9cisionnels<\/strong>, accueille des postes \u00e0 forte valeur ajout\u00e9e, m\u00ealant comp\u00e9tences techniques, relationnelles et commerciales. <\/p>\n<p>Le site francilien constitue \u00e9galement un point d\u2019entr\u00e9e vers des parcours \u00e9volutifs, permettant d\u2019alterner missions locales, nationales et internationales, et d\u2019acc\u00e9der aux projets strat\u00e9giques du groupe.<\/p>\n","protected":false},"excerpt":{"rendered":"\u00a9 Shutterstock &#8211; Le groupe de conseil en technologies Astek annonce 600 recrutements en \u00cele-de-France en 2026, sur&hellip;\n","protected":false},"author":2,"featured_media":660279,"comment_status":"","ping_status":"","sticky":false,"template":"","format":"standard","meta":{"footnotes":""},"categories":[1592],"tags":[1111,11,1777,674,1011,27,662,12,626,7099,25],"class_list":{"0":"post-660278","1":"post","2":"type-post","3":"status-publish","4":"format-standard","5":"has-post-thumbnail","7":"category-ile-de-france","8":"tag-actu","9":"tag-actualites","10":"tag-eu","11":"tag-europe","12":"tag-fr","13":"tag-france","14":"tag-ile-de-france","15":"tag-news","16":"tag-paris","17":"tag-recrutement","18":"tag-republique-francaise"},"share_on_mastodon":{"url":"https:\/\/pubeurope.com\/@fr\/115886991895913761","error":""},"_links":{"self":[{"href":"https:\/\/www.europesays.com\/fr\/wp-json\/wp\/v2\/posts\/660278","targetHints":{"allow":["GET"]}}],"collection":[{"href":"https:\/\/www.europesays.com\/fr\/wp-json\/wp\/v2\/posts"}],"about":[{"href":"https:\/\/www.europesays.com\/fr\/wp-json\/wp\/v2\/types\/post"}],"author":[{"embeddable":true,"href":"https:\/\/www.europesays.com\/fr\/wp-json\/wp\/v2\/users\/2"}],"replies":[{"embeddable":true,"href":"https:\/\/www.europesays.com\/fr\/wp-json\/wp\/v2\/comments?post=660278"}],"version-history":[{"count":0,"href":"https:\/\/www.europesays.com\/fr\/wp-json\/wp\/v2\/posts\/660278\/revisions"}],"wp:featuredmedia":[{"embeddable":true,"href":"https:\/\/www.europesays.com\/fr\/wp-json\/wp\/v2\/media\/660279"}],"wp:attachment":[{"href":"https:\/\/www.europesays.com\/fr\/wp-json\/wp\/v2\/media?parent=660278"}],"wp:term":[{"taxonomy":"category","embeddable":true,"href":"https:\/\/www.europesays.com\/fr\/wp-json\/wp\/v2\/categories?post=660278"},{"taxonomy":"post_tag","embeddable":true,"href":"https:\/\/www.europesays.com\/fr\/wp-json\/wp\/v2\/tags?post=660278"}],"curies":[{"name":"wp","href":"https:\/\/api.w.org\/{rel}","templated":true}]}}