{"id":66028,"date":"2025-05-01T04:16:09","date_gmt":"2025-05-01T04:16:09","guid":{"rendered":"https:\/\/www.europesays.com\/fr\/66028\/"},"modified":"2025-05-01T04:16:09","modified_gmt":"2025-05-01T04:16:09","slug":"kiev-et-washington-signent-un-accord-sur-les-minerais","status":"publish","type":"post","link":"https:\/\/www.europesays.com\/fr\/66028\/","title":{"rendered":"Kiev et Washington signent un accord sur les minerais"},"content":{"rendered":"\n<p>C\u2019est un pacte qui signale \u201cune am\u00e9lioration des relations entre Kiev et Washington\u201d, <a class=\"ithalc\" data-ithal=\"lien_externe\" data-ithalc=\"[nav_article]\" target=\"_blank\" href=\"https:\/\/www.wsj.com\/world\/europe\/ukraine-u-s-sign-economic-deal-for-minerals-262b3bc6?mod=hp_lead_pos2\" rel=\"nofollow noopener\">r\u00e9sume le <strong>Wall Street Journal<\/strong><\/a>.<\/p>\n<p>Les deux pays ont scell\u00e9 mercredi 30\u00a0avril \u00e0 Washington un vaste partenariat \u00e9conomique mettant en place un fonds d\u2019investissement dans la reconstruction de l\u2019Ukraine ravag\u00e9 par la guerre et donnant aux Am\u00e9ricains un acc\u00e8s aux ressources naturelles ukrainiennes.<\/p>\n<p>L\u2019accord avec les \u00c9tats-Unis financera des \u201cprojets d\u2019extraction de minerais, de p\u00e9trole et de gaz\u201d, a pr\u00e9cis\u00e9 sur Facebook la ministre ukrainienne de l\u2019\u00c9conomie, Ioulia Svyrydenko, qui a fait le d\u00e9placement \u00e0 Washington pour signer le document. Mais l\u2019Ukraine \u201cconserve l\u2019enti\u00e8re propri\u00e9t\u00e9 et le contr\u00f4le de ces ressources\u201d y compris le sous-sol, et ce sera \u201cl\u2019\u00c9tat ukrainien qui d\u00e9termine o\u00f9 et quoi extraire\u201d, a-t-elle insist\u00e9.<\/p>\n<p>L\u2019Ukraine poss\u00e8de notamment d\u2019importants gisements de terres rares, tr\u00e8s pris\u00e9es pour leur utilisation dans l\u2019\u00e9lectronique, ainsi que des gisements de graphite, de lithium, de titane, d\u2019uranium et d\u2019autres min\u00e9raux.<\/p>\n<p>\u201cLa derni\u00e8re version de l\u2019accord [\u2026] ne fournit aucune garantie de s\u00e9curit\u00e9 concr\u00e8te \u00e0 l\u2019Ukraine\u201d, <a class=\"ithalc\" data-ithal=\"lien_externe\" data-ithalc=\"[nav_article]\" target=\"_blank\" href=\"https:\/\/www.washingtonpost.com\/world\/2025\/04\/30\/ukraine-trump-minerals-deal-agreement\/\" rel=\"nofollow noopener\">remarque le <strong>Washington Post<\/strong><\/a>. Mais le texte indique que Kiev et Washington s\u2019accordent \u00e0 y voir l\u2019expression d\u2019un \u201calignement strat\u00e9gique \u00e0 long terme\u201d entre les deux pays ainsi qu\u2019un soutien am\u00e9ricain \u201c\u00e0 la s\u00e9curit\u00e9, la prosp\u00e9rit\u00e9 et la reconstruction de l\u2019Ukraine ainsi que son int\u00e9gration aux structures \u00e9conomiques mondiales\u201d.<\/p>\n<p>                        Une \u201cvictoire pour Kiev\u201d       <\/p>\n<p>Le langage utilis\u00e9 dans le texte de l\u2019accord \u201cmarque une victoire pour Kiev, qui recherche le soutien des \u00c9tats-Unis depuis que les relations entre les deux pays se sont d\u00e9grad\u00e9es sous la pr\u00e9sidence de Donald Trump\u201d, analyse le quotidien am\u00e9ricain. L\u2019Ukraine exigera des garanties de s\u00e9curit\u00e9 nettement plus concr\u00e8tes dans le cadre de tout futur accord de paix.\u201d<\/p>\n<p><a class=\"ithalc\" data-ithal=\"lien_externe\" data-ithalc=\"[nav_article]\" target=\"_blank\" href=\"https:\/\/www.bbc.com\/news\/articles\/c5ypw7pn9q3o\" rel=\"nofollow noopener\">La <strong>BBC<\/strong><\/a>, qui s\u2019est pench\u00e9e sur un message vid\u00e9o du ministre am\u00e9ricain des Finances Scott Bessent, annon\u00e7ant l\u2019accord entre Kiev et Washington, remarque de son c\u00f4t\u00e9 que \u201cle langage utilis\u00e9\u201d par ce membre de l\u2019administration Trump exprime lui aussi \u201cdavantage de solidarit\u00e9 avec l\u2019Ukraine que d\u2019habitude\u201d. Bessent fait notamment r\u00e9f\u00e9rence \u00e0 \u201cl\u2019invasion \u00e0 grande \u00e9chelle de la Russie\u201d \u2212 une expression tr\u00e8s rarement utilis\u00e9e par Washington depuis le retour au pouvoir de Trump.<\/p>\n<p>L\u2019accord sur les minerais est un v\u00e9ritable \u201ccoup de boost pour le moral\u201d des Ukrainiens \u00e0 l\u2019heure o\u00f9 les habitants \u201caffrontent les bombardements quotidiens de la Russie\u201d, souligne de son c\u00f4t\u00e9 le Wall Street Journal. Quelques heures avant la signature du partenariat am\u00e9ricano-ukrainien, deux personnes ont \u00e9t\u00e9 tu\u00e9es et cinq autres bless\u00e9es dans une nouvelle attaque de drone russe contre un quartier r\u00e9sidentiel \u00e0 Odessa, <a class=\"ithalc\" data-ithal=\"lien_externe\" data-ithalc=\"[nav_article]\" target=\"_blank\" href=\"https:\/\/kyivindependent.com\/russian-drone-attack-on-odesa-kills-2-injures-5\/\" rel=\"nofollow noopener\">rapporte le <strong>Kyiv Independent<\/strong><\/a>.<\/p>\n<p>\u201cMalgr\u00e9 le battage m\u00e9diatique, l\u2019accord n\u2019aura que peu de poids si les combats entre l\u2019Ukraine et la Russie perdurent\u201d, <a class=\"ithalc\" data-ithal=\"lien_externe\" data-ithalc=\"[nav_article]\" target=\"_blank\" href=\"https:\/\/www.nytimes.com\/2025\/04\/30\/world\/europe\/ukraine-minerals-deal-trump.html\" rel=\"nofollow noopener\">nuance de son c\u00f4t\u00e9 le <strong>New York Times<\/strong><\/a>. \u201cLes soutiens de l\u2019Ukraine esp\u00e8rent que cet accord pourra amener M. Trump \u00e0 voir le pays comme quelque chose de plus qu\u2019un gouffre financier et un obstacle \u00e0 l\u2019am\u00e9lioration des relations avec le pr\u00e9sident russe Vladimir Poutine\u201d, souligne le quotidien. D\u2019autres, \u201ctant \u00e0 l\u2019int\u00e9rieur qu\u2019\u00e0 l\u2019ext\u00e9rieur de l\u2019Ukraine, voient cet accord comme une mani\u00e8re pour les \u00c9tats-Unis [\u2026] de prendre le contr\u00f4le des ressources naturelles pr\u00e9cieuses\u201d du pays \u201csans offrir de garanties solides en retour\u201d.<\/p>\n","protected":false},"excerpt":{"rendered":"C\u2019est un pacte qui signale \u201cune am\u00e9lioration des relations entre Kiev et Washington\u201d, r\u00e9sume le Wall Street Journal.&hellip;\n","protected":false},"author":2,"featured_media":66029,"comment_status":"","ping_status":"","sticky":false,"template":"","format":"standard","meta":{"footnotes":""},"categories":[1590],"tags":[11,3822,75,1777,674,1892,131,12469,12,4409,2542,770,220,134],"class_list":{"0":"post-66028","1":"post","2":"type-post","3":"status-publish","4":"format-standard","5":"has-post-thumbnail","7":"category-ukraine","8":"tag-actualites","9":"tag-amu00e9riques","10":"tag-donald-trump","11":"tag-eu","12":"tag-europe","13":"tag-gu00e9opolitique","14":"tag-guerre-en-ukraine","15":"tag-minerais","16":"tag-news","17":"tag-ru00e9veil","18":"tag-u00e9conomie","19":"tag-u00e9tats-unis","20":"tag-ukraine","21":"tag-volodymyr-zelensky"},"share_on_mastodon":{"url":"https:\/\/pubeurope.com\/@fr\/114430645648888607","error":""},"_links":{"self":[{"href":"https:\/\/www.europesays.com\/fr\/wp-json\/wp\/v2\/posts\/66028","targetHints":{"allow":["GET"]}}],"collection":[{"href":"https:\/\/www.europesays.com\/fr\/wp-json\/wp\/v2\/posts"}],"about":[{"href":"https:\/\/www.europesays.com\/fr\/wp-json\/wp\/v2\/types\/post"}],"author":[{"embeddable":true,"href":"https:\/\/www.europesays.com\/fr\/wp-json\/wp\/v2\/users\/2"}],"replies":[{"embeddable":true,"href":"https:\/\/www.europesays.com\/fr\/wp-json\/wp\/v2\/comments?post=66028"}],"version-history":[{"count":0,"href":"https:\/\/www.europesays.com\/fr\/wp-json\/wp\/v2\/posts\/66028\/revisions"}],"wp:featuredmedia":[{"embeddable":true,"href":"https:\/\/www.europesays.com\/fr\/wp-json\/wp\/v2\/media\/66029"}],"wp:attachment":[{"href":"https:\/\/www.europesays.com\/fr\/wp-json\/wp\/v2\/media?parent=66028"}],"wp:term":[{"taxonomy":"category","embeddable":true,"href":"https:\/\/www.europesays.com\/fr\/wp-json\/wp\/v2\/categories?post=66028"},{"taxonomy":"post_tag","embeddable":true,"href":"https:\/\/www.europesays.com\/fr\/wp-json\/wp\/v2\/tags?post=66028"}],"curies":[{"name":"wp","href":"https:\/\/api.w.org\/{rel}","templated":true}]}}