{"id":6603,"date":"2025-04-07T00:34:25","date_gmt":"2025-04-07T00:34:25","guid":{"rendered":"https:\/\/www.europesays.com\/fr\/6603\/"},"modified":"2025-04-07T00:34:25","modified_gmt":"2025-04-07T00:34:25","slug":"gregory-coupet-de-retour-aux-girondins-de-bordeaux-05-04-2025-a-1923","status":"publish","type":"post","link":"https:\/\/www.europesays.com\/fr\/6603\/","title":{"rendered":"Gr\u00e9gory Coupet de retour aux Girondins de Bordeaux &#8211; 05\/04\/2025 \u00e0 19:23"},"content":{"rendered":"<p>        <img fetchpriority=\"high\" decoding=\"async\" src=\"https:\/\/www.europesays.com\/fr\/wp-content\/uploads\/2025\/04\/224403536a2df1d50e0987e087cda312-760x507.jpg\" alt=\"Gr\u00e9gory Coupet de retour aux Girondins de Bordeaux\" loading=\"eager\" width=\"760\" height=\"507\" style=\"max-width: 100%!important; height: auto;\"\/><\/p>\n<p class=\"c-image-news__legend\">Gr\u00e9gory Coupet de retour aux Girondins de Bordeaux<\/p>\n<p>\n En terrain connu.\n<\/p>\n<p>\n Sur une mauvaise s\u00e9rie de cinq d\u00e9faites de rang, les Girondins de Bordeaux ont enregistr\u00e9 un nouveau renfort ce samedi. Pas sur le terrain, mais dans le staff, avec le retour de Gr\u00e9gory Coupet dans le r\u00f4le d\u2019entra\u00eeneur des gardiens. Celui-ci \u00e9tait occup\u00e9 jusque-l\u00e0 par Christian Potel,<\/p>\n<p>  \u00ab\u202fqui a choisi de se consacrer pleinement \u00e0 ses fonctions d\u2019entra\u00eeneur des gardiens de la s\u00e9lection nationale du Gabon\u202f\u00bb<\/p>\n<p> , selon les mots du communiqu\u00e9 bordelais. Coupet, qui vit dans la r\u00e9gion, conna\u00eet d\u00e9j\u00e0 bien la maison puisqu\u2019il avait occup\u00e9 ce r\u00f4le pendant six mois lors de la saison 2021-2022.\u2026\n<\/p>\n<p>\n <strong><br \/>\n  AL pour SOFOOT.com<br \/>\n <\/strong>\n<\/p>\n<p><a data-tag-commander-click=\"{&quot;label&quot;: &quot;articles::lire_la_suite_site_partenaire::so_foot::gregory_coupet_de_retour_aux_girondins_de_bordeaux&quot;, &quot;s2&quot;: 2, &quot;type&quot;: &quot;exit&quot;}\" target=\"_blank\" rel=\"noopener noreferrer canonical nofollow\" class=\"lienExterne c-link c-link--animated u-text-size-lg\" href=\"https:\/\/www.sofoot.com\/breves\/gregory-coupet-de-retour-aux-girondins-de-bordeaux\">Lire la suite de l&rsquo;article sur SoFoot.com<\/a><\/p>\n","protected":false},"excerpt":{"rendered":"Gr\u00e9gory Coupet de retour aux Girondins de Bordeaux En terrain connu. Sur une mauvaise s\u00e9rie de cinq d\u00e9faites&hellip;\n","protected":false},"author":2,"featured_media":6604,"comment_status":"","ping_status":"","sticky":false,"template":"","format":"standard","meta":{"footnotes":""},"categories":[2817],"tags":[400,1111,11,1997,398,408,405,1777,674,1011,27,403,402,399,404,12,2219,25,401,406,407],"class_list":{"0":"post-6603","1":"post","2":"type-post","3":"status-publish","4":"format-standard","5":"has-post-thumbnail","7":"category-bordeaux","8":"tag-action-cac-40","9":"tag-actu","10":"tag-actualites","11":"tag-bordeaux","12":"tag-bourse-de-paris","13":"tag-boursorama","14":"tag-cotations","15":"tag-eu","16":"tag-europe","17":"tag-fr","18":"tag-france","19":"tag-indices-devises","20":"tag-investir","21":"tag-investissement","22":"tag-marche-boursier","23":"tag-news","24":"tag-nouvelle-aquitaine","25":"tag-republique-francaise","26":"tag-sicav","27":"tag-trackers","28":"tag-warrants"},"share_on_mastodon":{"url":"https:\/\/pubeurope.com\/@fr\/114293877442381233","error":""},"_links":{"self":[{"href":"https:\/\/www.europesays.com\/fr\/wp-json\/wp\/v2\/posts\/6603","targetHints":{"allow":["GET"]}}],"collection":[{"href":"https:\/\/www.europesays.com\/fr\/wp-json\/wp\/v2\/posts"}],"about":[{"href":"https:\/\/www.europesays.com\/fr\/wp-json\/wp\/v2\/types\/post"}],"author":[{"embeddable":true,"href":"https:\/\/www.europesays.com\/fr\/wp-json\/wp\/v2\/users\/2"}],"replies":[{"embeddable":true,"href":"https:\/\/www.europesays.com\/fr\/wp-json\/wp\/v2\/comments?post=6603"}],"version-history":[{"count":0,"href":"https:\/\/www.europesays.com\/fr\/wp-json\/wp\/v2\/posts\/6603\/revisions"}],"wp:featuredmedia":[{"embeddable":true,"href":"https:\/\/www.europesays.com\/fr\/wp-json\/wp\/v2\/media\/6604"}],"wp:attachment":[{"href":"https:\/\/www.europesays.com\/fr\/wp-json\/wp\/v2\/media?parent=6603"}],"wp:term":[{"taxonomy":"category","embeddable":true,"href":"https:\/\/www.europesays.com\/fr\/wp-json\/wp\/v2\/categories?post=6603"},{"taxonomy":"post_tag","embeddable":true,"href":"https:\/\/www.europesays.com\/fr\/wp-json\/wp\/v2\/tags?post=6603"}],"curies":[{"name":"wp","href":"https:\/\/api.w.org\/{rel}","templated":true}]}}