{"id":660301,"date":"2026-01-13T09:16:11","date_gmt":"2026-01-13T09:16:11","guid":{"rendered":"https:\/\/www.europesays.com\/fr\/660301\/"},"modified":"2026-01-13T09:16:11","modified_gmt":"2026-01-13T09:16:11","slug":"les-etats-unis-et-la-france-appellent-leurs-ressortissants-a-quitter-le-pays-immediatement","status":"publish","type":"post","link":"https:\/\/www.europesays.com\/fr\/660301\/","title":{"rendered":"les Etats-Unis et la France appellent leurs ressortissants \u00e0\u00a0quitter le pays \u00ab\u00a0imm\u00e9diatement\u00a0\u00bb"},"content":{"rendered":"<p>   \u00ab\u00a0Quittez l\u2019Iran imm\u00e9diatement \u00bb\u00a0: les Etats-Unis appellent leurs ressortissants \u00e0 fuir le pays             <\/p>\n<p class=\"post__live-container--answer-text post__space-node\">Dans un message post\u00e9 sur <a href=\"https:\/\/ir.usembassy.gov\/iran-security-alert-land-border-crossings-january-12-2026\/\" target=\"_blank\" rel=\"noopener\" title=\"Nouvelle fen\u00eatre\">le site de l\u2019\u00ab\u00a0ambassade virtuelle\u00a0\u00bb des Etats-Unis en Iran<\/a>, le pays appelle ses ressortissants \u00e0 quitter l\u2019Iran \u00ab\u00a0imm\u00e9diatement\u00a0\u00bb, pr\u00e9venant que les manifestations \u00ab\u00a0s\u2019intensifient et pourraient d\u00e9g\u00e9n\u00e9rer en violences, entra\u00eenant des arrestations et des bless\u00e9s\u00a0\u00bb. \u00ab\u00a0Pr\u00e9voyez un plan pour quitter l\u2019Iran sans compter sur l\u2019aide du gouvernement am\u00e9ricain\u00a0\u00bb, ajoute-t-il.<\/p>\n<p class=\"post__live-container--answer-text post__space-node\">\u00ab\u00a0Des mesures de s\u00e9curit\u00e9 renforc\u00e9es, des fermetures de routes, des perturbations des transports publics et des blocages d\u2019Internet sont en cours. Le gouvernement iranien a restreint l\u2019acc\u00e8s aux r\u00e9seaux mobiles, fixes et Internet nationaux\u00a0\u00bb, alertent les Etats-Unis sur ce site destin\u00e9 \u00e0 communiquer avec les citoyens am\u00e9ricains en Iran en l\u2019absence de liens officiels entre les deux pays. Le message appelle donc les citoyens \u00e0 \u00ab\u00a0pr\u00e9voir des moyens de communication alternatifs\u00a0\u00bb.<\/p>\n<p class=\"post__live-container--answer-text post__space-node\">Comme les compagnies a\u00e9riennes limitent ou annulent leur vols \u00e0 destination et en provenance d\u2019Iran, les citoyens am\u00e9ricains doivent \u00ab\u00a0envisager de quitter l\u2019Iran par voie terrestre vers l\u2019Arm\u00e9nie ou la Turquie\u00a0\u00bb, ajoutent-ils.<\/p>\n<p class=\"post__live-container--answer-text post__space-node\">Pour les citoyens qui ne pourraient pas partir, les Etats-Unis pr\u00e9conisent de trouver \u00ab\u00a0un endroit s\u00fbr dans votre r\u00e9sidence ou dans un autre b\u00e2timent s\u00e9curis\u00e9\u00a0\u00bb et de faire \u00ab\u00a0des provisions de nourriture, d\u2019eau, de m\u00e9dicaments et d\u2019autres articles essentiels\u00a0\u00bb. Ils appellent aussi \u00e0 \u00e9viter les manifestations et \u00e0 faire \u00ab\u00a0profil bas\u00a0\u00bb.<\/p>\n","protected":false},"excerpt":{"rendered":"\u00ab\u00a0Quittez l\u2019Iran imm\u00e9diatement \u00bb\u00a0: les Etats-Unis appellent leurs ressortissants \u00e0 fuir le pays Dans un message post\u00e9 sur&hellip;\n","protected":false},"author":2,"featured_media":660302,"comment_status":"","ping_status":"","sticky":false,"template":"","format":"standard","meta":{"footnotes":""},"categories":[2],"tags":[11,1011,27,12,25],"class_list":{"0":"post-660301","1":"post","2":"type-post","3":"status-publish","4":"format-standard","5":"has-post-thumbnail","7":"category-actualites","8":"tag-actualites","9":"tag-fr","10":"tag-france","11":"tag-news","12":"tag-republique-francaise"},"share_on_mastodon":{"url":"https:\/\/pubeurope.com\/@fr\/115887039021837135","error":""},"_links":{"self":[{"href":"https:\/\/www.europesays.com\/fr\/wp-json\/wp\/v2\/posts\/660301","targetHints":{"allow":["GET"]}}],"collection":[{"href":"https:\/\/www.europesays.com\/fr\/wp-json\/wp\/v2\/posts"}],"about":[{"href":"https:\/\/www.europesays.com\/fr\/wp-json\/wp\/v2\/types\/post"}],"author":[{"embeddable":true,"href":"https:\/\/www.europesays.com\/fr\/wp-json\/wp\/v2\/users\/2"}],"replies":[{"embeddable":true,"href":"https:\/\/www.europesays.com\/fr\/wp-json\/wp\/v2\/comments?post=660301"}],"version-history":[{"count":0,"href":"https:\/\/www.europesays.com\/fr\/wp-json\/wp\/v2\/posts\/660301\/revisions"}],"wp:featuredmedia":[{"embeddable":true,"href":"https:\/\/www.europesays.com\/fr\/wp-json\/wp\/v2\/media\/660302"}],"wp:attachment":[{"href":"https:\/\/www.europesays.com\/fr\/wp-json\/wp\/v2\/media?parent=660301"}],"wp:term":[{"taxonomy":"category","embeddable":true,"href":"https:\/\/www.europesays.com\/fr\/wp-json\/wp\/v2\/categories?post=660301"},{"taxonomy":"post_tag","embeddable":true,"href":"https:\/\/www.europesays.com\/fr\/wp-json\/wp\/v2\/tags?post=660301"}],"curies":[{"name":"wp","href":"https:\/\/api.w.org\/{rel}","templated":true}]}}