{"id":660311,"date":"2026-01-13T09:27:11","date_gmt":"2026-01-13T09:27:11","guid":{"rendered":"https:\/\/www.europesays.com\/fr\/660311\/"},"modified":"2026-01-13T09:27:11","modified_gmt":"2026-01-13T09:27:11","slug":"le-programme-de-la-semaine-du-12-au-18-janvier","status":"publish","type":"post","link":"https:\/\/www.europesays.com\/fr\/660311\/","title":{"rendered":"Le programme de la semaine du 12 au 18 janvier"},"content":{"rendered":"<p>              Lundi 12 janvier<\/p>\n<p><strong>Entra\u00eenement des pros f\u00e9minines \u00e0 huis clos<br \/><\/strong><\/p>\n<p>ASSE.fr : Les photos de la s\u00e9ance d&rsquo;entra\u00eenement\u00a0<\/p>\n<p>Mardi 13 janvier<\/p>\n<p><strong>\u26bd\ufe0f Entra\u00eenement des pros ouvert au public au Centre sportif Robert-Herbin (11h15) et des pros f\u00e9minines \u00e0 huis clos<\/strong><\/p>\n<p>ASSE.fr : Les photos des s\u00e9ances d&rsquo;entra\u00eenement et le groupe pour #OMASSE (Arkema Premi\u00e8re Ligue)\u00a0<\/p>\n<p>Visite guid\u00e9e du stade Geoffroy-Guichard possible \u00e0 15h30.<\/p>\n<p>Mercredi 14 janvier<\/p>\n<p><strong>\u26bd\ufe0f Entra\u00eenement des pros \u00e0 huis clos<\/strong><\/p>\n<p>ASSE.fr\u00a0: Les photos de la s\u00e9ance d&rsquo;entra\u00eenement<\/p>\n<p><strong>\ud83c\udd9a Arkema Premi\u00e8re Ligue (Journ\u00e9e 12) : Marseille &#8211; ASSE au stade Francis-Turcan (19h)<\/strong><\/p>\n<p>ASSE.fr\u00a0: Le match en live, le compte-rendu et la r\u00e9action du coach<\/p>\n<p>Visite guid\u00e9e du stade Geoffroy-Guichard possible \u00e0 15h30.<br \/><a class=\"bouton\" href=\"https:\/\/billetterie.asse.fr\/fr\/musee-des-verts\" rel=\"noopener noreferrer\" target=\"_blank\">&gt; Je r\u00e9serve ma visite du Mus\u00e9e et du stade<\/a><\/p>\n<p>Jeudi 15 janvier<\/p>\n<p><strong>\u26bd\ufe0f Entra\u00eenement des pros et des pros f\u00e9minines \u00e0 huis clos<\/strong><\/p>\n<p>ASSE.fr\u00a0: Les photos des s\u00e9ances d&rsquo;entra\u00eenement<\/p>\n<p>Visite guid\u00e9e du stade Geoffroy-Guichard possible \u00e0 15h30.<\/p>\n<p>Vendredi 16 janvier<\/p>\n<p><strong>\u26bd\ufe0f Entra\u00eenement des pros et des pros f\u00e9minines \u00e0 huis clos<\/strong><\/p>\n<p>ASSE.fr : Les photos des s\u00e9ances d&rsquo;entra\u00eenement et les groupes pour #ASSEFCN (Arkema Premi\u00e8re Ligue) et #ASSECF63 (Ligue 2 BKT)<\/p>\n<p>Visite guid\u00e9e du stade Geoffroy-Guichard possible \u00e0 15h30.<\/p>\n<p>Samedi 17 janvier<\/p>\n<p><strong>\ud83c\udd9a Arkema Premi\u00e8re Ligue (Journ\u00e9e 13) : ASSE &#8211; Nantes au stade Salif-Keita (15h)<\/strong><\/p>\n<p>ASSE.fr\u00a0: Le match en live, le compte-rendu et la r\u00e9action du coach<\/p>\n<p><strong>\ud83c\udd9a National 3 (Journ\u00e9e 13) : M\u00e2con &#8211; ASSE au stade Pierre-Gu\u00e9rin (18h)<\/strong><\/p>\n<p>ASSE.fr : Le match en live, le compte-rendu et la r\u00e9action du coach<\/p>\n<p><strong>\ud83c\udd9a Ligue 2 BKT (Journ\u00e9e 19) : ASSE &#8211; Clermont au stade Geoffroy-Guichard (20h55)<\/strong><\/p>\n<p>ASSE.fr : Le match en live, le compte-rendu et la r\u00e9action du coach<\/p>\n<p>Visite guid\u00e9e du stade Geoffroy-Guichard possible \u00e0 11h, 13h, 14h, 15h et 15h30.<\/p>\n<p>Dimanche 18 janvier<\/p>\n<p>\u26bd\ufe0f <strong>Entra\u00eenement des pros \u00e0 huis clos<\/strong><\/p>\n<p><strong>\ud83c\udd9a U19 National (Journ\u00e9e 16) : Toulouse &#8211; ASSE au Parc des Sports Stadium (11h)<\/strong><\/p>\n<p>ASSE.fr : Le compte-rendu et la r\u00e9action du coach<\/p>\n<p>Programme sous r\u00e9serve d&rsquo;\u00e9ventuelles modifications. Pour rappel, certaines s\u00e9ances d&rsquo;entra\u00eenement sont susceptibles de d\u00e9buter avec un l\u00e9ger retard et leur dur\u00e9e est incertaine. Le contenu de chaque entra\u00eenement \u00e9tant adapt\u00e9, la pr\u00e9sence de l&rsquo;ensemble des joueurs du groupe professionnel n&rsquo;est \u00e9galement pas assur\u00e9e.<\/p>\n","protected":false},"excerpt":{"rendered":"Lundi 12 janvier Entra\u00eenement des pros f\u00e9minines \u00e0 huis clos ASSE.fr : Les photos de la s\u00e9ance d&rsquo;entra\u00eenement\u00a0&hellip;\n","protected":false},"author":2,"featured_media":660312,"comment_status":"","ping_status":"","sticky":false,"template":"","format":"standard","meta":{"footnotes":""},"categories":[1410],"tags":[63,1011,27,60],"class_list":{"0":"post-660311","1":"post","2":"type-post","3":"status-publish","4":"format-standard","5":"has-post-thumbnail","7":"category-football","8":"tag-football","9":"tag-fr","10":"tag-france","11":"tag-sports"},"share_on_mastodon":{"url":"https:\/\/pubeurope.com\/@fr\/115887082441341332","error":""},"_links":{"self":[{"href":"https:\/\/www.europesays.com\/fr\/wp-json\/wp\/v2\/posts\/660311","targetHints":{"allow":["GET"]}}],"collection":[{"href":"https:\/\/www.europesays.com\/fr\/wp-json\/wp\/v2\/posts"}],"about":[{"href":"https:\/\/www.europesays.com\/fr\/wp-json\/wp\/v2\/types\/post"}],"author":[{"embeddable":true,"href":"https:\/\/www.europesays.com\/fr\/wp-json\/wp\/v2\/users\/2"}],"replies":[{"embeddable":true,"href":"https:\/\/www.europesays.com\/fr\/wp-json\/wp\/v2\/comments?post=660311"}],"version-history":[{"count":0,"href":"https:\/\/www.europesays.com\/fr\/wp-json\/wp\/v2\/posts\/660311\/revisions"}],"wp:featuredmedia":[{"embeddable":true,"href":"https:\/\/www.europesays.com\/fr\/wp-json\/wp\/v2\/media\/660312"}],"wp:attachment":[{"href":"https:\/\/www.europesays.com\/fr\/wp-json\/wp\/v2\/media?parent=660311"}],"wp:term":[{"taxonomy":"category","embeddable":true,"href":"https:\/\/www.europesays.com\/fr\/wp-json\/wp\/v2\/categories?post=660311"},{"taxonomy":"post_tag","embeddable":true,"href":"https:\/\/www.europesays.com\/fr\/wp-json\/wp\/v2\/tags?post=660311"}],"curies":[{"name":"wp","href":"https:\/\/api.w.org\/{rel}","templated":true}]}}