{"id":660344,"date":"2026-01-13T09:48:10","date_gmt":"2026-01-13T09:48:10","guid":{"rendered":"https:\/\/www.europesays.com\/fr\/660344\/"},"modified":"2026-01-13T09:48:10","modified_gmt":"2026-01-13T09:48:10","slug":"au-pradet-la-voix-des-justes-un-hommage-au-courage-et-a-lhumanite","status":"publish","type":"post","link":"https:\/\/www.europesays.com\/fr\/660344\/","title":{"rendered":"Au Pradet, \u00ab La Voix des Justes \u00bb, un hommage au courage et \u00e0 l\u2019humanit\u00e9"},"content":{"rendered":"<p>                    <img loading=\"lazy\" decoding=\"async\" src=\"https:\/\/www.europesays.com\/fr\/wp-content\/uploads\/2026\/01\/9a4128b16b2385f4a36c96348d9b93.jpg\" class=\"img-responsive post-image\" width=\"680\" height=\"510\" alt=\"Au Pradet, \u00ab La Voix (\u2026)\" title=\"Au Pradet, \u00ab La Voix des Justes \u00bb, un hommage au courage et \u00e0 l'humanit\u00e9\"\/><\/p>\n<p class=\"chapo\">En novembre, l\u2019Espace des Arts du Pradet a accueilli une exposition \u00e9mouvante d\u00e9di\u00e9e aux \u00ab\u00a0Justes parmi les Nations\u00a0\u00bb, ces hommes et ces femmes qui ont choisi le courage face \u00e0 la barbarie.<\/p>\n<p>Le Comit\u00e9 du Pradet du Souvenir Fran\u00e7ais et la Ville du Pradet ont propos\u00e9 au public un voyage dans la m\u00e9moire \u00e0 travers l\u2019exposition \u00ab\u00a0La Voix des Justes\u00a0\u00bb. \u00c0 travers des portraits, des documents d\u2019archives et des t\u00e9moignages poignants, cette initiative a rendu un hommage \u00e0 ces citoyens qui, au p\u00e9ril de leur vie, ont prot\u00e9g\u00e9 des familles juives traqu\u00e9es par le r\u00e9gime nazi.<\/p>\n<p>COURAGE ET HUMANIT\u00c9<\/p>\n<p>En France, plus de 4 000 personnes ont \u00e9t\u00e9 reconnues \u00ab\u00a0Justes parmi les Nations\u00a0\u00bb par l\u2019\u00c9tat d\u2019Isra\u00ebl et l\u2019institution Yad Vashem. <strong>Ce titre symbolise un courage moral exceptionnel et rappelle que, m\u00eame dans les heures les plus sombres de l\u2019histoire, des individus ont choisi l\u2019humanit\u00e9 plut\u00f4t que l\u2019indiff\u00e9rence. L<\/strong>\u2019exposition mettait en lumi\u00e8re ces choix exemplaires, souvent anonymes, et invitait les visiteurs \u00e0 r\u00e9fl\u00e9chir sur les valeurs de solidarit\u00e9 et de responsabilit\u00e9 individuelle.<\/p>\n<p>Au-del\u00e0 de l\u2019hommage, \u00ab\u00a0La Voix des Justes\u00a0\u00bb s\u2019inscrivait dans un objectif p\u00e9dagogique. Les organisateurs souhaitaient sensibiliser le public &#8211; scolaires, familles, associations et citoyens &#8211; \u00e0 l\u2019importance de d\u00e9fendre les droits humains et la dignit\u00e9 de chacun. Pour la Ville du Pradet et le Souvenir Fran\u00e7ais, cet engagement t\u00e9moignait de la volont\u00e9 de transmettre les valeurs r\u00e9publicaines et de maintenir vivant le devoir de m\u00e9moire aupr\u00e8s des jeunes g\u00e9n\u00e9rations.<\/p>\n<p>Con\u00e7ue comme un parcours \u00e9motionnel et r\u00e9flexif, l\u2019exposition a offert une exp\u00e9rience immersive o\u00f9 l\u2019histoire se racontait \u00e0 travers les voix de celles et ceux qui ont dit \u00ab\u00a0non\u00a0\u00bb \u00e0 l\u2019injustice. Chaque visite devenait, ainsi, un moment de rencontre avec le pass\u00e9, mais aussi un appel \u00e0 l\u2019action pour un futur plus solidaire et responsable.<\/p>\n<p>Photo de Une \u00a9PRESSE AGENCE<\/p>\n","protected":false},"excerpt":{"rendered":"En novembre, l\u2019Espace des Arts du Pradet a accueilli une exposition \u00e9mouvante d\u00e9di\u00e9e aux \u00ab\u00a0Justes parmi les Nations\u00a0\u00bb,&hellip;\n","protected":false},"author":2,"featured_media":660345,"comment_status":"","ping_status":"","sticky":false,"template":"","format":"standard","meta":{"footnotes":""},"categories":[9619],"tags":[1111,11,2408,1777,674,1011,27,12,882,25,2310],"class_list":{"0":"post-660344","1":"post","2":"type-post","3":"status-publish","4":"format-standard","5":"has-post-thumbnail","7":"category-toulon","8":"tag-actu","9":"tag-actualites","10":"tag-appels-d","11":"tag-eu","12":"tag-europe","13":"tag-fr","14":"tag-france","15":"tag-news","16":"tag-provence-alpes-cote-dazur","17":"tag-republique-francaise","18":"tag-toulon"},"share_on_mastodon":{"url":"https:\/\/pubeurope.com\/@fr\/115887164991135673","error":""},"_links":{"self":[{"href":"https:\/\/www.europesays.com\/fr\/wp-json\/wp\/v2\/posts\/660344","targetHints":{"allow":["GET"]}}],"collection":[{"href":"https:\/\/www.europesays.com\/fr\/wp-json\/wp\/v2\/posts"}],"about":[{"href":"https:\/\/www.europesays.com\/fr\/wp-json\/wp\/v2\/types\/post"}],"author":[{"embeddable":true,"href":"https:\/\/www.europesays.com\/fr\/wp-json\/wp\/v2\/users\/2"}],"replies":[{"embeddable":true,"href":"https:\/\/www.europesays.com\/fr\/wp-json\/wp\/v2\/comments?post=660344"}],"version-history":[{"count":0,"href":"https:\/\/www.europesays.com\/fr\/wp-json\/wp\/v2\/posts\/660344\/revisions"}],"wp:featuredmedia":[{"embeddable":true,"href":"https:\/\/www.europesays.com\/fr\/wp-json\/wp\/v2\/media\/660345"}],"wp:attachment":[{"href":"https:\/\/www.europesays.com\/fr\/wp-json\/wp\/v2\/media?parent=660344"}],"wp:term":[{"taxonomy":"category","embeddable":true,"href":"https:\/\/www.europesays.com\/fr\/wp-json\/wp\/v2\/categories?post=660344"},{"taxonomy":"post_tag","embeddable":true,"href":"https:\/\/www.europesays.com\/fr\/wp-json\/wp\/v2\/tags?post=660344"}],"curies":[{"name":"wp","href":"https:\/\/api.w.org\/{rel}","templated":true}]}}