{"id":660350,"date":"2026-01-13T09:51:13","date_gmt":"2026-01-13T09:51:13","guid":{"rendered":"https:\/\/www.europesays.com\/fr\/660350\/"},"modified":"2026-01-13T09:51:13","modified_gmt":"2026-01-13T09:51:13","slug":"il-propose-de-la-cocaine-a-des-policiers-en-patrouille","status":"publish","type":"post","link":"https:\/\/www.europesays.com\/fr\/660350\/","title":{"rendered":"il propose de la coca\u00efne \u00e0 des policiers en patrouille"},"content":{"rendered":"<p>\n\t\t\t\t\tCe 10 janvier, deux individus ont \u00e9t\u00e9 interpell\u00e9s apr\u00e8s avoir propos\u00e9 de la coca\u00efne \u00e0 des policiers en patrouille \u00e0 la cit\u00e9 G\u00e9ly \u00e0 Montpellier. \t\t\t\t<\/p>\n<p>\n\t\t\t\t\t\t\t\t\t\u00a9 Photo d\u2019illustration \u2013 Police.\t\t\t\t\t\t\t\t<\/p>\n<p>\t\t\t\t\t<a data-no-instant=\"1\" href=\"https:\/\/scaira.grantplatform.com\/\" rel=\"noopener\" class=\"a2t-link\" aria-label=\"3222-image\" target=\"_blank\"><img decoding=\"async\" src=\"https:\/\/www.europesays.com\/fr\/wp-content\/uploads\/2025\/12\/1765268656_24_3222-image.png\" alt=\"\"  \/><\/a><a data-no-instant=\"1\" href=\"https:\/\/nemo-velo.fr\/\" rel=\"noopener\" class=\"a2t-link\" aria-label=\"966392-image\" target=\"_blank\"><img decoding=\"async\" src=\"https:\/\/www.europesays.com\/fr\/wp-content\/uploads\/2026\/01\/966392-image.jpg\" alt=\"\"  \/><\/a><\/p>\n<p>Dans la nuit du <strong>10 janvier<\/strong>, les policiers de la Brigade Anti-Criminalit\u00e9 (<strong>BAC<\/strong>) patrouillaient dans la<strong> cit\u00e9 G\u00e9ly <\/strong>\u00e0 <a href=\"https:\/\/infoccitanie.fr\/tag\/montpellier\/\" target=\"_blank\" rel=\"noopener\">Montpellier<\/a>. Aux alentours de 3 heures du matin, ils ont \u00e9t\u00e9 accost\u00e9s par un individu qui leur a propos\u00e9 de la <strong>coca\u00efne<\/strong>. Les fonctionnaires ont alors d\u00e9cid\u00e9 de le suivre jusqu\u2019au vendeur pr\u00e9sum\u00e9. <\/p>\n<p>Ils ont contest\u00e9 l\u2019origine frauduleuse de l\u2019argent<\/p>\n<p>Sur place, ce dernier \u00e9tait en train de compter des billets et a effectivement propos\u00e9 de la coca\u00efne aux policiers. Les deux hommes ont aussit\u00f4t \u00e9t\u00e9 <strong>interpell\u00e9s<\/strong>. Lors des fouilles, les enqu\u00eateurs ont saisi <strong>820 euros<\/strong> en esp\u00e8ce sur l\u2019un et <strong>250 euros <\/strong>sur l\u2019autre, ainsi que <strong>10,5 grammes de coca\u00efne<\/strong> et <strong>0,5 gramme de r\u00e9sine de cannabis<\/strong>. Les suspects ont <strong>contest\u00e9 l\u2019origine frauduleuse<\/strong> de l\u2019argent, affirmant qu\u2019il \u00e9tait destin\u00e9 \u00e0 une sortie au casino. \u00c2g\u00e9s de <strong>21 et 24 ans<\/strong>, ils ont \u00e9t\u00e9 d\u00e9f\u00e9r\u00e9s ce 12 janvier en vue d\u2019une comparution sur reconnaissance pr\u00e9alable de culpabilit\u00e9 (<strong>CRPC<\/strong>). <\/p>\n","protected":false},"excerpt":{"rendered":"Ce 10 janvier, deux individus ont \u00e9t\u00e9 interpell\u00e9s apr\u00e8s avoir propos\u00e9 de la coca\u00efne \u00e0 des policiers en&hellip;\n","protected":false},"author":2,"featured_media":660351,"comment_status":"","ping_status":"","sticky":false,"template":"","format":"standard","meta":{"footnotes":""},"categories":[9599],"tags":[1111,11,1777,674,1011,27,2208,12,2680,1072,25],"class_list":{"0":"post-660350","1":"post","2":"type-post","3":"status-publish","4":"format-standard","5":"has-post-thumbnail","7":"category-montpellier","8":"tag-actu","9":"tag-actualites","10":"tag-eu","11":"tag-europe","12":"tag-fr","13":"tag-france","14":"tag-montpellier","15":"tag-news","16":"tag-occitanie","17":"tag-police","18":"tag-republique-francaise"},"share_on_mastodon":{"url":"https:\/\/pubeurope.com\/@fr\/115887176797097694","error":""},"_links":{"self":[{"href":"https:\/\/www.europesays.com\/fr\/wp-json\/wp\/v2\/posts\/660350","targetHints":{"allow":["GET"]}}],"collection":[{"href":"https:\/\/www.europesays.com\/fr\/wp-json\/wp\/v2\/posts"}],"about":[{"href":"https:\/\/www.europesays.com\/fr\/wp-json\/wp\/v2\/types\/post"}],"author":[{"embeddable":true,"href":"https:\/\/www.europesays.com\/fr\/wp-json\/wp\/v2\/users\/2"}],"replies":[{"embeddable":true,"href":"https:\/\/www.europesays.com\/fr\/wp-json\/wp\/v2\/comments?post=660350"}],"version-history":[{"count":0,"href":"https:\/\/www.europesays.com\/fr\/wp-json\/wp\/v2\/posts\/660350\/revisions"}],"wp:featuredmedia":[{"embeddable":true,"href":"https:\/\/www.europesays.com\/fr\/wp-json\/wp\/v2\/media\/660351"}],"wp:attachment":[{"href":"https:\/\/www.europesays.com\/fr\/wp-json\/wp\/v2\/media?parent=660350"}],"wp:term":[{"taxonomy":"category","embeddable":true,"href":"https:\/\/www.europesays.com\/fr\/wp-json\/wp\/v2\/categories?post=660350"},{"taxonomy":"post_tag","embeddable":true,"href":"https:\/\/www.europesays.com\/fr\/wp-json\/wp\/v2\/tags?post=660350"}],"curies":[{"name":"wp","href":"https:\/\/api.w.org\/{rel}","templated":true}]}}