{"id":660364,"date":"2026-01-13T10:00:15","date_gmt":"2026-01-13T10:00:15","guid":{"rendered":"https:\/\/www.europesays.com\/fr\/660364\/"},"modified":"2026-01-13T10:00:15","modified_gmt":"2026-01-13T10:00:15","slug":"lol-lyonnes-ira-a-strasbourg-en-huitiemes","status":"publish","type":"post","link":"https:\/\/www.europesays.com\/fr\/660364\/","title":{"rendered":"l\u2019OL Lyonnes ira \u00e0 Strasbourg en huiti\u00e8mes"},"content":{"rendered":"<p>                            <img width=\"770\" height=\"433\" src=\"https:\/\/www.europesays.com\/fr\/wp-content\/uploads\/2025\/12\/570088858_755892724154764_5732577515089168934_n-770x433.jpg\" class=\"attachment-article size-article wp-post-image\" alt=\"Les U19 f\u00e9minines de l'OL Lyonnes\" decoding=\"async\" fetchpriority=\"high\"  \/><\/p>\n<p>Les U19 f\u00e9minines de l\u2019OL Lyonnes (Facebook : OLAngElles)<\/p>\n<p>Vainqueur de Montpellier dimanche \u00e0 Meyzieu, les U18 de l\u2019OL Lyonnes connaissent leur prochain adversaire. Les joueuses de Rachel Sa\u00efdi se rendront \u00e0 Strasbourg pour les huiti\u00e8mes de finale de la Coupe f\u00e9minine U18.<\/p>\n<p>Il aurait pu y avoir un<strong>\u00a0OL Lyonnes &#8211; OM<\/strong>\u00a0en huiti\u00e8me de finale de Coupe de France mais aussi de Coupe f\u00e9minine U18. Fort heureusement, le tirage au sort de cette derni\u00e8re n\u2019a pas donn\u00e9 lieu \u00e0 un nouveau duel entre les deux Olympiques. E<a href=\"https:\/\/www.olympique-et-lyonnais.com\/coupe-de-france-feminine-lol-lyonnes-affrontera-encore-lom,388518.html\" target=\"_blank\" rel=\"noopener\">n marge de leurs ain\u00e9es<\/a>, les joueuses de Rachel\u00a0<strong>Sa\u00efdi<\/strong>\u00a0ont h\u00e9rit\u00e9 de\u00a0<strong>Strasbourg<\/strong>\u00a0pour leur prochain tour dans ce qui est la Coupe Gambardella f\u00e9minine. Les Lyonnaises se rendront en Alsace le week-end du 1er f\u00e9vrier.<\/p>\n<p>D\u00e9but de la phase 2 du championnat dimanche prochain<\/p>\n<p>Ce ticket pour les huiti\u00e8mes, les U18 de l\u2019OL Lyonnes l\u2019ont obtenu dimanche \u00e0 Meyzieu. Oppos\u00e9es \u00e0\u00a0<strong>Montpellier<\/strong>, les co\u00e9quipi\u00e8res de Ma\u00efssa\u00a0<strong>Fathallah<\/strong>\u00a0ont d\u00fb attendre le dernier quart d\u2019heure pour prendre les devants. L\u2019unique but d\u2019Ainhoa <strong>Sagna<\/strong>\u00a0a a suffi au bonheur lyonnais avant le retour du championnat le week-end prochain. L\u2019OL Lyonnes lancera sa phase \u00c9lite avec un d\u00e9placement sur la pelouse du PSG.<\/p>\n<p>\t\t\t\t\t<a href=\"https:\/\/www.olympique-et-lyonnais.com\/premiere-ligue-lol-lyonnes-na-pas-la-meilleure-affluence,388562.html\" title=\"Premi\u00e8re Ligue : l\u2019OL Lyonnes n\u2019a pas la meilleure affluence\" target=\"_blank\" rel=\"noopener\"><img loading=\"lazy\" width=\"580\" height=\"326\" src=\"https:\/\/www.europesays.com\/fr\/wp-content\/uploads\/2026\/01\/OL-lyonnes-2-580x326.jpg\" class=\"attachment-actularge size-actularge wp-post-image\" alt=\"Les joueuses de l'OL Lyonnes\" decoding=\"async\"  \/>\t\t\t\t\t<\/a><\/p>\n","protected":false},"excerpt":{"rendered":"Les U19 f\u00e9minines de l\u2019OL Lyonnes (Facebook : OLAngElles) Vainqueur de Montpellier dimanche \u00e0 Meyzieu, les U18 de&hellip;\n","protected":false},"author":2,"featured_media":606519,"comment_status":"","ping_status":"","sticky":false,"template":"","format":"standard","meta":{"footnotes":""},"categories":[2820],"tags":[1111,11,1777,674,1011,27,775,12,241,242,25,640],"class_list":{"0":"post-660364","1":"post","2":"type-post","3":"status-publish","4":"format-standard","5":"has-post-thumbnail","7":"category-strasbourg","8":"tag-actu","9":"tag-actualites","10":"tag-eu","11":"tag-europe","12":"tag-fr","13":"tag-france","14":"tag-grand-est","15":"tag-news","16":"tag-ol","17":"tag-ol-feminin","18":"tag-republique-francaise","19":"tag-strasbourg"},"share_on_mastodon":{"url":"https:\/\/pubeurope.com\/@fr\/115887212169433720","error":""},"_links":{"self":[{"href":"https:\/\/www.europesays.com\/fr\/wp-json\/wp\/v2\/posts\/660364","targetHints":{"allow":["GET"]}}],"collection":[{"href":"https:\/\/www.europesays.com\/fr\/wp-json\/wp\/v2\/posts"}],"about":[{"href":"https:\/\/www.europesays.com\/fr\/wp-json\/wp\/v2\/types\/post"}],"author":[{"embeddable":true,"href":"https:\/\/www.europesays.com\/fr\/wp-json\/wp\/v2\/users\/2"}],"replies":[{"embeddable":true,"href":"https:\/\/www.europesays.com\/fr\/wp-json\/wp\/v2\/comments?post=660364"}],"version-history":[{"count":0,"href":"https:\/\/www.europesays.com\/fr\/wp-json\/wp\/v2\/posts\/660364\/revisions"}],"wp:featuredmedia":[{"embeddable":true,"href":"https:\/\/www.europesays.com\/fr\/wp-json\/wp\/v2\/media\/606519"}],"wp:attachment":[{"href":"https:\/\/www.europesays.com\/fr\/wp-json\/wp\/v2\/media?parent=660364"}],"wp:term":[{"taxonomy":"category","embeddable":true,"href":"https:\/\/www.europesays.com\/fr\/wp-json\/wp\/v2\/categories?post=660364"},{"taxonomy":"post_tag","embeddable":true,"href":"https:\/\/www.europesays.com\/fr\/wp-json\/wp\/v2\/tags?post=660364"}],"curies":[{"name":"wp","href":"https:\/\/api.w.org\/{rel}","templated":true}]}}