{"id":660365,"date":"2026-01-13T10:01:11","date_gmt":"2026-01-13T10:01:11","guid":{"rendered":"https:\/\/www.europesays.com\/fr\/660365\/"},"modified":"2026-01-13T10:01:11","modified_gmt":"2026-01-13T10:01:11","slug":"emploi-france-travail-et-lupe06-prolongent-leur-cooperation-strategique","status":"publish","type":"post","link":"https:\/\/www.europesays.com\/fr\/660365\/","title":{"rendered":"Emploi : France Travail et l\u2019UPE06 prolongent leur coop\u00e9ration strat\u00e9gique (\u2026)"},"content":{"rendered":"<p>                    <img loading=\"lazy\" decoding=\"async\" src=\"https:\/\/www.europesays.com\/fr\/wp-content\/uploads\/2026\/01\/73dd78d850d07d604d32681258e02d.jpg\" class=\"img-responsive post-image\" width=\"680\" height=\"510\" alt=\"Emploi : France Travail\" title=\"Emploi : France Travail et l'UPE06 prolongent leur coop\u00e9ration strat\u00e9gique dans les Alpes-Maritimes\"\/><\/p>\n<p class=\"chapo\">France Travail Alpes-Maritimes et l\u2019Union pour l\u2019Entreprise des Alpes-Maritimes (UPE06) ont renouvel\u00e9 leur convention de partenariat pour une dur\u00e9e de trois ans, lors d\u2019une signature organis\u00e9e dans les locaux de l\u2019UPE06 \u00e0 Saint-Laurent-du-Var le 12 janvier. Ce nouvel accord s\u2019inscrit dans la continuit\u00e9 de plus de vingt ans de coop\u00e9ration entre les deux institutions, notamment au sein d\u2019un groupe de travail d\u00e9partemental d\u00e9di\u00e9 \u00e0 la s\u00e9curisation des parcours professionnels.<\/p>\n<p>L\u2019objectif affich\u00e9 est de rapprocher durablement les talents des besoins des entreprises, dans un contexte de fortes tensions de recrutement et de transformations rapides du march\u00e9 du travail. Le partenariat vise \u00e0 mieux anticiper les attentes des employeurs, fluidifier les recrutements et accompagner \u00e0 la fois les actifs et les entreprises, en mobilisant conjointement les dispositifs d\u2019accompagnement, de formation et de professionnalisation.<br class=\"texte\"\/><br \/>\nPour<strong> Ghislaine Ellena,<\/strong> directrice de France Travail Alpes-Maritimes, ce renouvellement traduit \u00ab\u00a0une volont\u00e9 commune de s\u2019adapter en permanence aux r\u00e9alit\u00e9s du march\u00e9 du travail \u00a0\u00bb et de construire des solutions op\u00e9rationnelles \u00e0 partir d\u2019un diagnostic partag\u00e9 des m\u00e9tiers en tension. De son c\u00f4t\u00e9<strong>, Franck Cannata, <\/strong> pr\u00e9sident de l\u2019UPE06, souligne le choix \u00ab\u00a0d\u2019un partenariat exigeant, op\u00e9rationnel et tourn\u00e9 vers l\u2019action\u00a0\u00bb afin d\u2019anticiper les comp\u00e9tences de demain et de cr\u00e9er une rencontre durable entre les talents et les entreprises.<\/p>\n<p>Trois axes de coop\u00e9ration<\/p>\n<p>La convention s\u2019articule autour de trois axes de coop\u00e9ration.<br class=\"autobr\"\/><br \/>\nLe premier porte sur<strong> l\u2019analyse des besoins \u00e9conomiques du territoire<\/strong>. France Travail et l\u2019UPE06 renforceront leurs \u00e9changes de donn\u00e9es \u00e9conomiques, sociales et sectorielles afin d\u2019\u00e9laborer un diagnostic partag\u00e9. Celui-ci permettra d\u2019identifier les secteurs porteurs, les m\u00e9tiers en tension et d\u2019anticiper les besoins en recrutement pour faciliter la mise en relation entre candidats et entreprises. Le deuxi\u00e8me axe concerne <strong>l\u2019optimisation des recrutements et la satisfaction des entreprise<\/strong>s. Les partenaires accompagneront les employeurs dans la diffusion et l\u2019attractivit\u00e9 de leurs offres, l\u2019acc\u00e8s aux aides \u00e0 l\u2019embauche ainsi qu\u2019aux dispositifs de recrutement et de formation, tels que les immersions professionnelles ou les parcours de pr\u00e9paration \u00e0 l\u2019emploi. France Travail participera \u00e9galement \u00e0 la Commission Emploi-Formation de l\u2019UPE06, aux c\u00f4t\u00e9s des op\u00e9rateurs de comp\u00e9tences et des acteurs du r\u00e9seau, afin de coordonner les actions en faveur de l\u2019emploi. Enfin, le troisi\u00e8me axe vise \u00e0 <strong>renforcer l\u2019information et la communication communes<\/strong>. Les deux institutions m\u00e8neront des actions conjointes lors d\u2019\u00e9v\u00e9nements d\u00e9di\u00e9s \u00e0 l\u2019emploi et \u00e0 la formation, valoriseront les m\u00e9tiers en manque de main-d\u2019\u0153uvre et conduiront des initiatives pour lutter contre les st\u00e9r\u00e9otypes professionnels. L\u2019enjeu est de renforcer l\u2019attractivit\u00e9 des fili\u00e8res et de s\u00e9curiser les parcours.<\/p>\n<p>La signature s\u2019est d\u00e9roul\u00e9e en pr\u00e9sence de nombreux acteurs du territoire, venus saluer l\u2019engagement des partenaires et la transmission de la pr\u00e9sidence de la commission Emploi-Formation de l\u2019UPE06, d\u00e9sormais assur\u00e9e par <strong>Philippe Pineau-Vallin.<\/strong><\/p>\n<p> <a href=\"https:\/\/www.europesays.com\/fr\/wp-content\/uploads\/2026\/01\/83a37bbc-cbbb-4c87-94fd-6ed0e8d2d1be.jpg\" class=\"spip_doc_lien mediabox\" type=\"image\/jpeg\"><br \/>\n\t\t<img loading=\"lazy\" decoding=\"async\" src=\"https:\/\/www.europesays.com\/fr\/wp-content\/uploads\/2026\/01\/83a37bbc-cbbb-4c87-94fd-6ed0e8d2d1be.jpg\" width=\"1024\" height=\"472\" alt=\"\"\/><\/a><\/p>\n<p>Luigi POMA, past-pr\u00e9sident de la commission Emploi-Formation UPE06 a pass\u00e9 officiellement la main \u00e0 Philippe PINEAU-VALLIN. \u00a9UPE06<\/p>\n","protected":false},"excerpt":{"rendered":"France Travail Alpes-Maritimes et l\u2019Union pour l\u2019Entreprise des Alpes-Maritimes (UPE06) ont renouvel\u00e9 leur convention de partenariat pour une&hellip;\n","protected":false},"author":2,"featured_media":660366,"comment_status":"","ping_status":"","sticky":false,"template":"","format":"standard","meta":{"footnotes":""},"categories":[2819],"tags":[1111,11,2408,1777,674,1011,27,12,2401,882,25],"class_list":{"0":"post-660365","1":"post","2":"type-post","3":"status-publish","4":"format-standard","5":"has-post-thumbnail","7":"category-nice","8":"tag-actu","9":"tag-actualites","10":"tag-appels-d","11":"tag-eu","12":"tag-europe","13":"tag-fr","14":"tag-france","15":"tag-news","16":"tag-nice","17":"tag-provence-alpes-cote-dazur","18":"tag-republique-francaise"},"share_on_mastodon":{"url":"https:\/\/pubeurope.com\/@fr\/115887216166568897","error":""},"_links":{"self":[{"href":"https:\/\/www.europesays.com\/fr\/wp-json\/wp\/v2\/posts\/660365","targetHints":{"allow":["GET"]}}],"collection":[{"href":"https:\/\/www.europesays.com\/fr\/wp-json\/wp\/v2\/posts"}],"about":[{"href":"https:\/\/www.europesays.com\/fr\/wp-json\/wp\/v2\/types\/post"}],"author":[{"embeddable":true,"href":"https:\/\/www.europesays.com\/fr\/wp-json\/wp\/v2\/users\/2"}],"replies":[{"embeddable":true,"href":"https:\/\/www.europesays.com\/fr\/wp-json\/wp\/v2\/comments?post=660365"}],"version-history":[{"count":0,"href":"https:\/\/www.europesays.com\/fr\/wp-json\/wp\/v2\/posts\/660365\/revisions"}],"wp:featuredmedia":[{"embeddable":true,"href":"https:\/\/www.europesays.com\/fr\/wp-json\/wp\/v2\/media\/660366"}],"wp:attachment":[{"href":"https:\/\/www.europesays.com\/fr\/wp-json\/wp\/v2\/media?parent=660365"}],"wp:term":[{"taxonomy":"category","embeddable":true,"href":"https:\/\/www.europesays.com\/fr\/wp-json\/wp\/v2\/categories?post=660365"},{"taxonomy":"post_tag","embeddable":true,"href":"https:\/\/www.europesays.com\/fr\/wp-json\/wp\/v2\/tags?post=660365"}],"curies":[{"name":"wp","href":"https:\/\/api.w.org\/{rel}","templated":true}]}}