{"id":660371,"date":"2026-01-13T10:05:27","date_gmt":"2026-01-13T10:05:27","guid":{"rendered":"https:\/\/www.europesays.com\/fr\/660371\/"},"modified":"2026-01-13T10:05:27","modified_gmt":"2026-01-13T10:05:27","slug":"aux-musicales-du-bouscat-le-quatuor-agate-a-lermitage","status":"publish","type":"post","link":"https:\/\/www.europesays.com\/fr\/660371\/","title":{"rendered":"Aux Musicales du Bouscat, le Quatuor Agate \u00e0 l\u2019Ermitage"},"content":{"rendered":"<p>La saison des Musicales du Bouscat se poursuit avec un rendez-vous consacr\u00e9 \u00e0 la musique de chambre, mardi 27 janvier 2026 \u00e0 20h30, \u00e0 l\u2019Ermitage Compostelle, au Bouscat. \u00c0 l\u2019affiche\u00a0: le <strong>Quatuor Agate<\/strong>, formation fran\u00e7aise fond\u00e9e en 2016, aujourd\u2019hui reconnue sur la sc\u00e8ne internationale.<\/p>\n<p>Compos\u00e9 d\u2019Adrien Jurkovic, Juliette Beauchamp, Rapha\u00ebl Pagnon et Simon Iachemet, le Quatuor Agate tire son nom du Deuxi\u00e8me Sextuor de <strong>Johannes Brahms<\/strong>, \u0153uvre d\u00e9di\u00e9e \u00e0 Agathe von Siebold. Depuis ses d\u00e9buts, l\u2019ensemble s\u2019est illustr\u00e9 dans plusieurs concours et festivals internationaux, obtenant notamment un prix pour l\u2019interpr\u00e9tation contemporaine lors de la BANFF International String Quartet Competition en 2022, ainsi qu\u2019une reconnaissance du public et des professionnels dans d\u2019autres comp\u00e9titions europ\u00e9ennes.<\/p>\n<p>Ces distinctions ont ouvert au quatuor les portes de salles embl\u00e9matiques telles que le Wigmore Hall de Londres, le Concertgebouw d\u2019Amsterdam ou encore le Konzerthaus de Berlin. Le Quatuor Agate collabore par ailleurs avec des musiciens et ensembles de renom, affirmant une identit\u00e9 artistique marqu\u00e9e par l\u2019engagement et la recherche d\u2019\u00e9quilibre entre tradition et modernit\u00e9.<\/p>\n<p>Pour cette soir\u00e9e aux Musicales du Bouscat, le programme mettra \u00e0 l\u2019honneur deux figures majeures du r\u00e9pertoire\u00a0: <strong>Ludwig van Beethoven<\/strong> et <strong>Fanny Hensel Mendelssohn<\/strong>. Un dialogue musical entre un pilier du classicisme viennois et une compositrice longtemps rest\u00e9e dans l\u2019ombre, aujourd\u2019hui pleinement red\u00e9couverte.<\/p>\n<p>\u00c0 l\u2019issue du concert, le public est invit\u00e9 \u00e0 partager le traditionnel verre de l\u2019amiti\u00e9 en pr\u00e9sence des artistes, fid\u00e8le \u00e0 l\u2019esprit de convivialit\u00e9 qui caract\u00e9rise les Musicales du Bouscat. Informations et r\u00e9servations sont disponibles aupr\u00e8s de l\u2019Acad\u00e9mie Bach.<\/p>\n","protected":false},"excerpt":{"rendered":"La saison des Musicales du Bouscat se poursuit avec un rendez-vous consacr\u00e9 \u00e0 la musique de chambre, mardi&hellip;\n","protected":false},"author":2,"featured_media":660372,"comment_status":"","ping_status":"","sticky":false,"template":"","format":"standard","meta":{"footnotes":""},"categories":[2817],"tags":[1111,11,1997,1777,674,1011,27,12,2219,25],"class_list":{"0":"post-660371","1":"post","2":"type-post","3":"status-publish","4":"format-standard","5":"has-post-thumbnail","7":"category-bordeaux","8":"tag-actu","9":"tag-actualites","10":"tag-bordeaux","11":"tag-eu","12":"tag-europe","13":"tag-fr","14":"tag-france","15":"tag-news","16":"tag-nouvelle-aquitaine","17":"tag-republique-francaise"},"share_on_mastodon":{"url":"https:\/\/pubeurope.com\/@fr\/115887231742544076","error":""},"_links":{"self":[{"href":"https:\/\/www.europesays.com\/fr\/wp-json\/wp\/v2\/posts\/660371","targetHints":{"allow":["GET"]}}],"collection":[{"href":"https:\/\/www.europesays.com\/fr\/wp-json\/wp\/v2\/posts"}],"about":[{"href":"https:\/\/www.europesays.com\/fr\/wp-json\/wp\/v2\/types\/post"}],"author":[{"embeddable":true,"href":"https:\/\/www.europesays.com\/fr\/wp-json\/wp\/v2\/users\/2"}],"replies":[{"embeddable":true,"href":"https:\/\/www.europesays.com\/fr\/wp-json\/wp\/v2\/comments?post=660371"}],"version-history":[{"count":0,"href":"https:\/\/www.europesays.com\/fr\/wp-json\/wp\/v2\/posts\/660371\/revisions"}],"wp:featuredmedia":[{"embeddable":true,"href":"https:\/\/www.europesays.com\/fr\/wp-json\/wp\/v2\/media\/660372"}],"wp:attachment":[{"href":"https:\/\/www.europesays.com\/fr\/wp-json\/wp\/v2\/media?parent=660371"}],"wp:term":[{"taxonomy":"category","embeddable":true,"href":"https:\/\/www.europesays.com\/fr\/wp-json\/wp\/v2\/categories?post=660371"},{"taxonomy":"post_tag","embeddable":true,"href":"https:\/\/www.europesays.com\/fr\/wp-json\/wp\/v2\/tags?post=660371"}],"curies":[{"name":"wp","href":"https:\/\/api.w.org\/{rel}","templated":true}]}}