{"id":660373,"date":"2026-01-13T10:06:16","date_gmt":"2026-01-13T10:06:16","guid":{"rendered":"https:\/\/www.europesays.com\/fr\/660373\/"},"modified":"2026-01-13T10:06:16","modified_gmt":"2026-01-13T10:06:16","slug":"boulanger-a-bordeaux-paul-merry-donne-le-secret-de-la-meilleure-galette-des-rois-a-la-frangipane-de-gironde","status":"publish","type":"post","link":"https:\/\/www.europesays.com\/fr\/660373\/","title":{"rendered":"Boulanger \u00e0 Bordeaux, Paul Merry donne le secret de la meilleure galette des rois \u00e0 la frangipane de Gironde"},"content":{"rendered":"<p>                    Par<br \/>\n        <strong><br \/>\n            <a href=\"https:\/\/actu.fr\/auteur\/sports33\" title=\"Consulter tous les articles de Nicolas Gosselin\" target=\"_blank\" rel=\"noopener\">Nicolas Gosselin<\/a><br \/>\n                    <\/strong><\/p>\n<p>        Publi\u00e9 le<\/p>\n<p>            13 janv. 2026 \u00e0 9h20        <\/p>\n<p>La boulangerie de <strong>Paul Merry<\/strong>, situ\u00e9e rue de Turenne \u00e0 Bordeaux, a \u00e9t\u00e9 aur\u00e9ol\u00e9e du titre 2026 de la <strong>meilleure galette des rois \u00e0 la frangipane de la Gironde<\/strong>. Pour l\u2019artisan de 32 ans, c\u2019est une belle cons\u00e9cration et un retour client imm\u00e9diat en boutique.<\/p>\n<p class=\" wall-content\">\u00ab\u00a0On a deux \u00e0 trois fois plus de fr\u00e9quentation depuis cette r\u00e9compense\u00a0\u00bb, savoure-t-il. Apr\u00e8s avoir \u00e9chou\u00e9 d\u2019une marche avec sa galette brioch\u00e9e l\u2019ann\u00e9e d\u2019avant, c\u2019est finalement avec la frangipane qu\u2019il a obtenu la premi\u00e8re place. \u00ab\u00a0C\u2019est dr\u00f4le, c\u2019\u00e9tait un peu la surprise. Je portais plus d\u2019espoirs sur la brioch\u00e9e\u00a0\u00bb, r\u00e9agit le boulanger.<\/p>\n<p>\u00ab\u00a0Un go\u00fbt plus prononc\u00e9\u00a0\u00bb<\/p>\n<p class=\" wall-content\">Pour la frangipane, c\u2019est un id\u00e9e de sa femme Julie Batista, p\u00e2tissi\u00e8re dans sa boulangerie, qui a fait la diff\u00e9rence. \u00ab\u00a0Nous fabriquons nous-m\u00eames la poudre d\u2019amandes. On re\u00e7oit le fruit brut, on le torr\u00e9fie avec de la <strong>vanille de Papouasie<\/strong> puis on le mixe pour le r\u00e9duire en poudre. Ce qui donne ce <strong>go\u00fbt plus prononc\u00e9 de fruit sec<\/strong> qu\u2019avec de la poudre d\u2019amandes d\u00e9j\u00e0 pr\u00eate\u00a0\u00bb, d\u00e9voile Paul Merry, qui ajoute que le feuilletage pur beurre parach\u00e8ve le tout.<\/p>\n<p class=\" wall-content\">La galette des rois \u00e0 la frangipane est vendue \u00e0 26 euros dans un format unique, pr\u00e9vu pour six \u00e0 sept personnes. Pour la galette brioch\u00e9e, c\u2019est la p\u00e2tisserie de Lo\u00efc Aspa, situ\u00e9e au niveau de la barri\u00e8re Saint-M\u00e9dard, qui a \u00e9t\u00e9 titr\u00e9e en Gironde cette ann\u00e9e.<\/p>\n<p class=\" wall-content\">Personnalisez votre actualit\u00e9 en ajoutant vos villes et m\u00e9dias en favori avec <a href=\"https:\/\/moncompte.actu.fr\" title=\"D\u00e9couvez Mon Actu\" rel=\"nofollow noopener\" data-trk=\"{&quot;cta&quot;:{&quot;action&quot;:&quot;https:\\\/\\\/moncompte.actu.fr&quot;,&quot;category&quot;:&quot;mon compte&quot;,&quot;from&quot;:&quot;article footer&quot;,&quot;name&quot;:&quot;Mon actu&quot;,&quot;type&quot;:&quot;cta&quot;}}\" target=\"_blank\">Mon Actu<\/a>.<\/p>\n","protected":false},"excerpt":{"rendered":"Par Nicolas Gosselin Publi\u00e9 le 13 janv. 2026 \u00e0 9h20 La boulangerie de Paul Merry, situ\u00e9e rue de&hellip;\n","protected":false},"author":2,"featured_media":660374,"comment_status":"","ping_status":"","sticky":false,"template":"","format":"standard","meta":{"footnotes":""},"categories":[2817],"tags":[1111,11,1997,215,1777,674,1011,27,12,2219,25,104],"class_list":{"0":"post-660373","1":"post","2":"type-post","3":"status-publish","4":"format-standard","5":"has-post-thumbnail","7":"category-bordeaux","8":"tag-actu","9":"tag-actualites","10":"tag-bordeaux","11":"tag-commerce","12":"tag-eu","13":"tag-europe","14":"tag-fr","15":"tag-france","16":"tag-news","17":"tag-nouvelle-aquitaine","18":"tag-republique-francaise","19":"tag-societe"},"share_on_mastodon":{"url":"https:\/\/pubeurope.com\/@fr\/115887235683785620","error":""},"_links":{"self":[{"href":"https:\/\/www.europesays.com\/fr\/wp-json\/wp\/v2\/posts\/660373","targetHints":{"allow":["GET"]}}],"collection":[{"href":"https:\/\/www.europesays.com\/fr\/wp-json\/wp\/v2\/posts"}],"about":[{"href":"https:\/\/www.europesays.com\/fr\/wp-json\/wp\/v2\/types\/post"}],"author":[{"embeddable":true,"href":"https:\/\/www.europesays.com\/fr\/wp-json\/wp\/v2\/users\/2"}],"replies":[{"embeddable":true,"href":"https:\/\/www.europesays.com\/fr\/wp-json\/wp\/v2\/comments?post=660373"}],"version-history":[{"count":0,"href":"https:\/\/www.europesays.com\/fr\/wp-json\/wp\/v2\/posts\/660373\/revisions"}],"wp:featuredmedia":[{"embeddable":true,"href":"https:\/\/www.europesays.com\/fr\/wp-json\/wp\/v2\/media\/660374"}],"wp:attachment":[{"href":"https:\/\/www.europesays.com\/fr\/wp-json\/wp\/v2\/media?parent=660373"}],"wp:term":[{"taxonomy":"category","embeddable":true,"href":"https:\/\/www.europesays.com\/fr\/wp-json\/wp\/v2\/categories?post=660373"},{"taxonomy":"post_tag","embeddable":true,"href":"https:\/\/www.europesays.com\/fr\/wp-json\/wp\/v2\/tags?post=660373"}],"curies":[{"name":"wp","href":"https:\/\/api.w.org\/{rel}","templated":true}]}}