{"id":660379,"date":"2026-01-13T10:10:33","date_gmt":"2026-01-13T10:10:33","guid":{"rendered":"https:\/\/www.europesays.com\/fr\/660379\/"},"modified":"2026-01-13T10:10:33","modified_gmt":"2026-01-13T10:10:33","slug":"lille-a-eu-une-possession-sterile-contre-lol","status":"publish","type":"post","link":"https:\/\/www.europesays.com\/fr\/660379\/","title":{"rendered":"Lille a eu \u00ab\u00a0une possession st\u00e9rile\u00a0\u00bb contre l\u2019OL"},"content":{"rendered":"<p>                            <img width=\"770\" height=\"433\" src=\"https:\/\/www.europesays.com\/fr\/wp-content\/uploads\/2026\/01\/000_33AL7R4-770x433.jpg\" class=\"attachment-article size-article wp-post-image\" alt=\"Bruno Genesio, ancien entra\u00eeneur de Rennes\" decoding=\"async\" fetchpriority=\"high\"  \/><\/p>\n<p>Bruno Genesio, ancien entra\u00eeneur de Rennes (Photo by LOIC VENANCE \/ AFP)<\/p>\n<p>\u00c9limin\u00e9 de la Coupe de France, Bruno Genesio regrettait le manque d\u2019impact de son \u00e9quipe contre l\u2019OL. Malgr\u00e9 une nette possession, Lille n\u2019a pas inqui\u00e9t\u00e9 plus que \u00e7a la d\u00e9fense lyonnaise.<\/p>\n<p>De son temps \u00e0 Rennes, Bruno\u00a0<strong>Genesio<\/strong>\u00a0n\u2019\u00e9tait pas forc\u00e9ment bon \u00e0 jouer pour l\u2019OL. Face \u00e0 son ancien coach, la formation lyonnaise avait plut\u00f4t du mal \u00e0 s\u2019imposer. Trois d\u00e9faites en trois matchs. Depuis la prise de fonction \u00e0\u00a0<strong>Lille<\/strong>, la tendance s\u2019est clairement invers\u00e9e et l\u2019OL devient une vraie b\u00eate noire pour le technicien fran\u00e7ais. Dimanche soir, Bruno Genesio a subi sa cinqui\u00e8me d\u00e9faite en six rencontres (un nul) sur le banc du\u00a0<strong>LOSC<\/strong>.<\/p>\n<p>Pour le seizi\u00e8me de finale de Coupe de France, il n\u2019a pas vraiment \u00e9t\u00e9 aid\u00e9 par son gardien, il est vrai. En manquant sa sortie,\u00a0<strong>Bodart<\/strong>\u00a0a permis \u00e0 Afonso\u00a0<a href=\"https:\/\/www.olympique-et-lyonnais.com\/lille-ol-1-2-un-record-pour-moreira-en-coupe-de-france,388501.html\" target=\"_blank\" rel=\"noopener\">Moreira<\/a>\u00a0d\u2019ouvrir le score d\u00e8s la 45e seconde de jeu.\u00a0\u00ab\u00a0\u00c7a ne change peut-\u00eatre pas tout le match car il nous reste une heure et demie pour revenir mais \u00e7a met les Lyonnais dans une position id\u00e9ale. Mentalement ce n&rsquo;est pas simple \u00e0 assumer\u00a0\u00bb, a avou\u00e9 Bruno Genesio apr\u00e8s la rencontre.<\/p>\n<p>\u00ab\u00a0On n&rsquo;a pas d&rsquo;occasions nettes\u00a0\u00bb<\/p>\n<p>Le\u00a0<strong>LOSC<\/strong>\u00a0a pourtant trouv\u00e9 les ressources pour \u00e9galiser en premi\u00e8re p\u00e9riode avant de prendre un deuxi\u00e8me but sur\u00a0\u00ab\u00a0une demi-occasion sur un centre\u00a0\u00bb. D\u00e9pit\u00e9 apr\u00e8s cette \u00e9limination,\u00a0<strong>Genesio<\/strong>\u00a0regrettait surtout de ne pas avoir vu ses joueurs mettre plus la pression sur le but de R\u00e9my\u00a0<strong>Descamps<\/strong>. Les Dogues ont certes eu la possession dans le deuxi\u00e8me acte du match. Mais avec seulement 0,4xG sur 90 minutes, difficile d\u2019esp\u00e9rer mieux.\u00a0\u00ab\u00a0On a eu une domination et une possession un peu st\u00e9riles. On manque de dangerosit\u00e9 dans nos attaques. \u00c7a ne d\u00e9bouche pas assez sur des occasions nettes de but. En fin de match, Tiago (Santos) d\u00e9coche une frappe extraordinaire, elle peut faire poteau rentrant.\u00a0\u00bb<\/p>\n<p>Heureusement pour l&rsquo;OL, le poteau a \u00e9t\u00e9 sortant, de quoi plonger le LOSC un peu plus dans une mini-crise.<\/p>\n","protected":false},"excerpt":{"rendered":"Bruno Genesio, ancien entra\u00eeneur de Rennes (Photo by LOIC VENANCE \/ AFP) \u00c9limin\u00e9 de la Coupe de France,&hellip;\n","protected":false},"author":2,"featured_media":660380,"comment_status":"","ping_status":"","sticky":false,"template":"","format":"standard","meta":{"footnotes":""},"categories":[2815],"tags":[1111,11,1777,674,1011,27,811,1307,12,241,978,25],"class_list":{"0":"post-660379","1":"post","2":"type-post","3":"status-publish","4":"format-standard","5":"has-post-thumbnail","7":"category-lille","8":"tag-actu","9":"tag-actualites","10":"tag-eu","11":"tag-europe","12":"tag-fr","13":"tag-france","14":"tag-hauts-de-france","15":"tag-lille","16":"tag-news","17":"tag-ol","18":"tag-olympique-lyonnais","19":"tag-republique-francaise"},"share_on_mastodon":{"url":"https:\/\/pubeurope.com\/@fr\/115887251373907136","error":""},"_links":{"self":[{"href":"https:\/\/www.europesays.com\/fr\/wp-json\/wp\/v2\/posts\/660379","targetHints":{"allow":["GET"]}}],"collection":[{"href":"https:\/\/www.europesays.com\/fr\/wp-json\/wp\/v2\/posts"}],"about":[{"href":"https:\/\/www.europesays.com\/fr\/wp-json\/wp\/v2\/types\/post"}],"author":[{"embeddable":true,"href":"https:\/\/www.europesays.com\/fr\/wp-json\/wp\/v2\/users\/2"}],"replies":[{"embeddable":true,"href":"https:\/\/www.europesays.com\/fr\/wp-json\/wp\/v2\/comments?post=660379"}],"version-history":[{"count":0,"href":"https:\/\/www.europesays.com\/fr\/wp-json\/wp\/v2\/posts\/660379\/revisions"}],"wp:featuredmedia":[{"embeddable":true,"href":"https:\/\/www.europesays.com\/fr\/wp-json\/wp\/v2\/media\/660380"}],"wp:attachment":[{"href":"https:\/\/www.europesays.com\/fr\/wp-json\/wp\/v2\/media?parent=660379"}],"wp:term":[{"taxonomy":"category","embeddable":true,"href":"https:\/\/www.europesays.com\/fr\/wp-json\/wp\/v2\/categories?post=660379"},{"taxonomy":"post_tag","embeddable":true,"href":"https:\/\/www.europesays.com\/fr\/wp-json\/wp\/v2\/tags?post=660379"}],"curies":[{"name":"wp","href":"https:\/\/api.w.org\/{rel}","templated":true}]}}