{"id":660383,"date":"2026-01-13T10:12:18","date_gmt":"2026-01-13T10:12:18","guid":{"rendered":"https:\/\/www.europesays.com\/fr\/660383\/"},"modified":"2026-01-13T10:12:18","modified_gmt":"2026-01-13T10:12:18","slug":"marseille-lancrage-de-ses-solides-amities","status":"publish","type":"post","link":"https:\/\/www.europesays.com\/fr\/660383\/","title":{"rendered":"Marseille, l&rsquo;ancrage de ses solides amiti\u00e9s"},"content":{"rendered":"<p><a href=\"https:\/\/www.laprovence.com\/article\/om\/48605908529321\/mort-de-rolland-courbis-argent-casino-football-les-dix-meilleures-punchlines-de-lancien-entraineur-de-lom\" target=\"_blank\" rel=\"noopener\">Il n&rsquo;aura jou\u00e9 qu&rsquo;une poign\u00e9e de matches avec l&rsquo;OM<\/a>, qu&rsquo;il n&rsquo;a <a href=\"https:\/\/www.laprovence.com\/article\/om\/10375809688458\/mort-de-rolland-courbis-retour-sur-le-match-du-siecle-om-montpellier-5-4-marque-de-son-empreinte\" target=\"_blank\" rel=\"noopener\">dirig\u00e9, au final, que deux saisons et demie<\/a>. Mais l&rsquo;image de Rolland Courbis, qui avait <a href=\"https:\/\/www.laprovence.com\/article\/om\/51773687164632\/mort-de-rolland-courbis-pieds-paquets-franchise-sofitel-les-souvenirs-des-supporters-de-lom\" target=\"_blank\" rel=\"noopener\">ses habitudes au Sofitel qui surplombe le Vieux-Port<\/a>, ne peut \u00eatre dissoci\u00e9e de celle de Marseille, ville qui l&rsquo;a vu na\u00eetre le 12\u00a0ao\u00fbt\u00a01953 et o\u00f9 il a nou\u00e9 dans sa jeunesse ses plus solides et fid\u00e8les amiti\u00e9s. Il y a <a href=\"https:\/\/www.laprovence.com\/article\/om\/2899772424583914\/om-microcosme-jacques-bayle-lhumain-en-boussole-de-ce-passionne-de-foot\" target=\"_blank\" rel=\"noopener\">Jacques Bayle<\/a>, son adjoint historique aux c\u00f4t\u00e9s duquel il a bourlingu\u00e9 dans plusieurs aventures exotiques. \u00ab\u00a0Sa s\u0153ur habitait au-dessus de chez moi, j&rsquo;avais 10\u00a0ans quand j&rsquo;ai commenc\u00e9 \u00e0 le conna\u00eetre, rappelle-t-il. Il \u00e9tait unique. Il m&rsquo;avait toujours dit\u00a0: &lsquo;Promets-moi que le jour o\u00f9 je meurs, tu ne pleureras pas&rsquo;. Je n&rsquo;ai pas tenu promesse&#8230;\u00a0\u00bb<\/p>\n<p>Il y a eu aussi Jos\u00e9 Anigo, de huit ans son cadet mais qui, comme lui, a grandi dans les quartiers Nord. Et Paul Visciano. \u00ab\u00a0J&rsquo;avais 16\u00a0ans, il en avait 18, on s&rsquo;est rencontr\u00e9 sur un terrain de football et, depuis ce jour, on ne s&rsquo;est jamais quitt\u00e9\u00a0\u00bb, d\u00e9voile, la gorge nou\u00e9e, <a href=\"https:\/\/www.laprovence.com\/article\/economie\/28086291751195\/la-bouillabaisse-de-chez-michel-la-recette-de-la-longevite\" target=\"_blank\" rel=\"noopener\">celui qui est devenu le patron de \u00ab\u00a0Chez Michel\u00a0\u00bb, institution de la Bouillabaisse sise aux Catalans<\/a>. \u00ab\u00a0On ne se voyait pas tous les jours, mais on s&rsquo;appelait deux fois par semaine, on se voyait trois ou quatre fois&#8230;<\/p>\n","protected":false},"excerpt":{"rendered":"Il n&rsquo;aura jou\u00e9 qu&rsquo;une poign\u00e9e de matches avec l&rsquo;OM, qu&rsquo;il n&rsquo;a dirig\u00e9, au final, que deux saisons et&hellip;\n","protected":false},"author":2,"featured_media":660384,"comment_status":"","ping_status":"","sticky":false,"template":"","format":"standard","meta":{"footnotes":""},"categories":[2814],"tags":[5734,1111,11,76112,1777,674,1011,27,44114,884,18,12,149,882,25,36295,2407,61369],"class_list":{"0":"post-660383","1":"post","2":"type-post","3":"status-publish","4":"format-standard","5":"has-post-thumbnail","7":"category-marseille","8":"tag-5734","9":"tag-actu","10":"tag-actualites","11":"tag-courbis","12":"tag-eu","13":"tag-europe","14":"tag-fr","15":"tag-france","16":"tag-lancrage","17":"tag-marseille","18":"tag-mort","19":"tag-news","20":"tag-om","21":"tag-provence-alpes-cote-dazur","22":"tag-republique-francaise","23":"tag-rolland","24":"tag-ses","25":"tag-solides"},"share_on_mastodon":{"url":"https:\/\/pubeurope.com\/@fr\/115887259250346297","error":""},"_links":{"self":[{"href":"https:\/\/www.europesays.com\/fr\/wp-json\/wp\/v2\/posts\/660383","targetHints":{"allow":["GET"]}}],"collection":[{"href":"https:\/\/www.europesays.com\/fr\/wp-json\/wp\/v2\/posts"}],"about":[{"href":"https:\/\/www.europesays.com\/fr\/wp-json\/wp\/v2\/types\/post"}],"author":[{"embeddable":true,"href":"https:\/\/www.europesays.com\/fr\/wp-json\/wp\/v2\/users\/2"}],"replies":[{"embeddable":true,"href":"https:\/\/www.europesays.com\/fr\/wp-json\/wp\/v2\/comments?post=660383"}],"version-history":[{"count":0,"href":"https:\/\/www.europesays.com\/fr\/wp-json\/wp\/v2\/posts\/660383\/revisions"}],"wp:featuredmedia":[{"embeddable":true,"href":"https:\/\/www.europesays.com\/fr\/wp-json\/wp\/v2\/media\/660384"}],"wp:attachment":[{"href":"https:\/\/www.europesays.com\/fr\/wp-json\/wp\/v2\/media?parent=660383"}],"wp:term":[{"taxonomy":"category","embeddable":true,"href":"https:\/\/www.europesays.com\/fr\/wp-json\/wp\/v2\/categories?post=660383"},{"taxonomy":"post_tag","embeddable":true,"href":"https:\/\/www.europesays.com\/fr\/wp-json\/wp\/v2\/tags?post=660383"}],"curies":[{"name":"wp","href":"https:\/\/api.w.org\/{rel}","templated":true}]}}