{"id":660387,"date":"2026-01-13T10:14:16","date_gmt":"2026-01-13T10:14:16","guid":{"rendered":"https:\/\/www.europesays.com\/fr\/660387\/"},"modified":"2026-01-13T10:14:16","modified_gmt":"2026-01-13T10:14:16","slug":"toute-lactualite-de-ce-mardi-13-janvier-2026-a-lyon","status":"publish","type":"post","link":"https:\/\/www.europesays.com\/fr\/660387\/","title":{"rendered":"Toute l&rsquo;actualit\u00e9 de ce mardi 13 janvier 2026 \u00e0 Lyon"},"content":{"rendered":"<p>A la une de l\u2019info \u00e0 Lyon : profanation \u00e0 Saint-Geni-Laval, le pessimisme des commer\u00e7ants, l\u2019encadrement des loyers, la lutte contre les bouilloires thermiques, le renforcement des Velo\u2019V \u00e9lectriques, Marc Fraysse candidat \u00e0 Villeurbanne ?, la fr\u00e9quentation record des stations de ski\u2026<\/p>\n<p>ECOUTEZ LE 1\/4H LYONNAIS\u2026 Toute l\u2019actualit\u00e9 de ce mardi 13 janvier 2026<\/p>\n<p>LE 1\/4H LYONNAIS | mardi 13 janvier 2026<\/p>\n<p>L\u2019<strong>olivier<\/strong> plant\u00e9 en septembre dernier \u00e0 <strong>Saint-Genis-Laval<\/strong> pour honorer la <strong>m\u00e9moire d\u2019Ilan Halimi<\/strong>, vandalis\u00e9 durant le week-end. La maire Maryl\u00e8ne Millet a port\u00e9 plainte. Un nouvel olivier sera plant\u00e9\u2026<\/p>\n<p><strong>51 % des commer\u00e7ants<\/strong> se d\u00e9clarent \u00ab <strong>pessimistes<\/strong> \u00bb concernant l\u2019avenir de leur structure dans les douze prochains mois. C\u2019est ce que r\u00e9v\u00e8le une enqu\u00eate aupr\u00e8s de plus de 1 200 commer\u00e7ants du Rh\u00f4ne et de la Loire. Ils pointent aussi les \u00ab discours n\u00e9gatifs sur les centres-villes pouvant faire peur \u00e0 la client\u00e8le ext\u00e9rieure. \u00bb<\/p>\n<p><strong><a href=\"https:\/\/www.facebook.com\/2026pourvivrelyon\" target=\"_blank\" rel=\"noopener\">Gr\u00e9gory Doucet<\/a><\/strong> et <strong>Renaud Payre<\/strong> r\u00e9affirment qu\u2019ils \u00ab d\u00e9fendront et \u00e9tendront l\u2019<strong>encadrement des loyers<\/strong> \u00bb mis en place \u00e0 Lyon et Villeurbanne. En cas de r\u00e9\u00e9lection aux municipales\u2026<\/p>\n<p>Le maire sortant promet d\u2019aider \u00ab les propri\u00e9taires sous condition de ressources, les locataires et les bailleurs \u00bb \u00e0 <strong>lutter contre les bouilloires thermiques<\/strong>.<\/p>\n<p>Cot\u00e9 mobilit\u00e9, la <strong>liste d\u2019union de la gauche et des \u00e9cologistes<\/strong> pour les \u00e9lections m\u00e9tropolitaines propose de mettre en service <strong>2 000 V\u00e9lo\u2019v \u00e9lectriques suppl\u00e9mentaires<\/strong> et <strong>250 nouvelles stations<\/strong>.<\/p>\n<p>Ecoutez aussi : <a href=\"https:\/\/www.lyondemain.fr\/nouvelle-traversee-de-fourviere-veronique-sarselli\/\" target=\"_blank\" rel=\"noreferrer noopener\">Nouvelle Travers\u00e9e de Fourvi\u00e8re : faire sauter le bouchon\u2026<\/a><\/p>\n<p>Egalement dans l\u2019actualit\u00e9 de ce mardi 13 janvier<\/p>\n<p>Il a \u00e9t\u00e9 l\u2019une des seules personnalit\u00e9s de droite \u00e0 avoir fait basculer le beffroi de la ville de Villeurbanne\u2026 en 1993, <strong>Marc Fraysse<\/strong> entend bien jouer un r\u00f4le dans la campagne des municipales 2026. Mais voil\u00e0 ! l\u2019investiture a \u00e9t\u00e9 donn\u00e9 \u00e0 <strong>Sophie Cruz<\/strong>, conseill\u00e8re r\u00e9gionale LR, qui m\u00e8nera une liste d\u2019alliance avec Renaissance.<\/p>\n<p><strong>Marc Fraysse<\/strong> qui vient d\u2019ouvrir sa permanence pour les municipales, est notre invit\u00e9. On a tent\u00e9 de savoir s\u2019il serait dissident<\/p>\n<p>Fr\u00e9quentation record dans les <strong>stations de ski<\/strong> de la r\u00e9gion pour les vacances de Noel. Et belles perspectives pour janvier\u2026\u00a0<\/p>\n<p>Ecoutez aussi : <a href=\"https:\/\/www.lyondemain.fr\/actualite-de-ce-lundi-12-janvier-lyon-info-nathalie-perrin-gilbert\/\" target=\"_blank\" rel=\"noreferrer noopener\">Toute l\u2019actualit\u00e9 de ce lundi 12\u00a0janvier 2026 \u00e0 Lyon<\/a><\/p>\n<p><img fetchpriority=\"high\" decoding=\"async\" width=\"1200\" height=\"675\" src=\"https:\/\/www.europesays.com\/fr\/wp-content\/uploads\/2026\/01\/actualite-de-ce-mardi-13-janvier-2026.jpg\" alt=\"actualit\u00e9 de ce mardi 13 janvier   2026 info \u00e0 Lyon\" class=\"wp-image-253010\"  \/>Retrouvez aussi le Quart d\u2019Heure Lyonnais de Lyon Demain sur les antennes de Radio Pluriel (Lyon). Radio Salam (Lyon, Saint-Etienne et Bourg) et Radio Arm\u00e9nie (Lyon et Vienne)<br \/>\nJ\u2019aime \u00e7a\u00a0:<\/p>\n<p>J\u2019aime chargement\u2026<\/p>\n<p><a class=\"sd-link-color\"\/><\/p>\n<p>\n\tArticles similaires\n<\/p>\n<p>\t\t\t\t<img decoding=\"async\" src=\"https:\/\/www.europesays.com\/fr\/wp-content\/uploads\/2026\/01\/1768299256_176_7866158698e17e8ed633c05e8f8e7fe5d9e057ad78661c4dc34e413abb6b9f19.jpeg\" alt=\"G\u00e9rald Bouchon\"\/><\/p>\n<p>Pionnier des radios libres, passionn\u00e9 de radio, journaliste et dirigeant de m\u00e9dias \u00e9co-responsables..<\/p>\n","protected":false},"excerpt":{"rendered":"A la une de l\u2019info \u00e0 Lyon : profanation \u00e0 Saint-Geni-Laval, le pessimisme des commer\u00e7ants, l\u2019encadrement des loyers,&hellip;\n","protected":false},"author":2,"featured_media":660388,"comment_status":"","ping_status":"","sticky":false,"template":"","format":"standard","meta":{"footnotes":""},"categories":[1889],"tags":[1111,11,2430,5921,215,5225,1777,674,1011,27,76218,76219,5226,45788,2428,3434,12,26016,25,76220,67008,602,76221,6345],"class_list":{"0":"post-660387","1":"post","2":"type-post","3":"status-publish","4":"format-standard","5":"has-post-thumbnail","7":"category-lyon","8":"tag-actu","9":"tag-actualites","10":"tag-auvergne-rhone-alpes","11":"tag-bruno-bernard","12":"tag-commerce","13":"tag-encadrement-des-loyers","14":"tag-eu","15":"tag-europe","16":"tag-fr","17":"tag-france","18":"tag-fraysse","19":"tag-frequentation-touristique","20":"tag-gregory-doucet","21":"tag-ilan-halimi","22":"tag-lyon","23":"tag-municipales-2026","24":"tag-news","25":"tag-renovation-energetique","26":"tag-republique-francaise","27":"tag-sophie-cruz","28":"tag-station-de-ski","29":"tag-tourisme","30":"tag-velov-electrique","31":"tag-villeurbanne"},"share_on_mastodon":{"url":"https:\/\/pubeurope.com\/@fr\/115887267130392380","error":""},"_links":{"self":[{"href":"https:\/\/www.europesays.com\/fr\/wp-json\/wp\/v2\/posts\/660387","targetHints":{"allow":["GET"]}}],"collection":[{"href":"https:\/\/www.europesays.com\/fr\/wp-json\/wp\/v2\/posts"}],"about":[{"href":"https:\/\/www.europesays.com\/fr\/wp-json\/wp\/v2\/types\/post"}],"author":[{"embeddable":true,"href":"https:\/\/www.europesays.com\/fr\/wp-json\/wp\/v2\/users\/2"}],"replies":[{"embeddable":true,"href":"https:\/\/www.europesays.com\/fr\/wp-json\/wp\/v2\/comments?post=660387"}],"version-history":[{"count":0,"href":"https:\/\/www.europesays.com\/fr\/wp-json\/wp\/v2\/posts\/660387\/revisions"}],"wp:featuredmedia":[{"embeddable":true,"href":"https:\/\/www.europesays.com\/fr\/wp-json\/wp\/v2\/media\/660388"}],"wp:attachment":[{"href":"https:\/\/www.europesays.com\/fr\/wp-json\/wp\/v2\/media?parent=660387"}],"wp:term":[{"taxonomy":"category","embeddable":true,"href":"https:\/\/www.europesays.com\/fr\/wp-json\/wp\/v2\/categories?post=660387"},{"taxonomy":"post_tag","embeddable":true,"href":"https:\/\/www.europesays.com\/fr\/wp-json\/wp\/v2\/tags?post=660387"}],"curies":[{"name":"wp","href":"https:\/\/api.w.org\/{rel}","templated":true}]}}