{"id":660391,"date":"2026-01-13T10:17:09","date_gmt":"2026-01-13T10:17:09","guid":{"rendered":"https:\/\/www.europesays.com\/fr\/660391\/"},"modified":"2026-01-13T10:17:09","modified_gmt":"2026-01-13T10:17:09","slug":"les-agriculteurs-prets-a-rester-a-paris-tant-que-leurs-demandes-ne-sont-pas-entendues","status":"publish","type":"post","link":"https:\/\/www.europesays.com\/fr\/660391\/","title":{"rendered":"les agriculteurs pr\u00eats \u00e0 rester \u00e0 Paris tant que leurs demandes ne sont pas entendues"},"content":{"rendered":"<p>                    Par<br \/>\n        <strong><br \/>\n            <a href=\"https:\/\/actu.fr\/auteur\/redaction-paris\" title=\"Consulter tous les articles de R\u00e9daction Paris\" target=\"_blank\" rel=\"noopener\">R\u00e9daction Paris<\/a><br \/>\n                    <\/strong><\/p>\n<p>        Publi\u00e9 le<\/p>\n<p>            13 janv. 2026 \u00e0 11h11        <\/p>\n<p>Une mobilisation plus longue que pr\u00e9vue ? Les 400 manifestants et plus de <a href=\"https:\/\/actu.fr\/ile-de-france\/paris_75056\/colere-des-agriculteurs-les-tracteurs-de-retour-a-paris-voici-leur-parcours-dans-la-capitale_63689363.html\" target=\"_blank\" rel=\"noopener\">350 tracteurs venus manifester<\/a> ce mardi 13 janvier 2025 dans les rues de Paris\u00a0n\u2019en <strong>bougeront pas<\/strong> tant que leurs demandes n\u2019auront pas \u00e9t\u00e9 \u00ab\u00a0entendues\u00a0\u00bb, a averti l\u2019un des vice-pr\u00e9sidents du syndicat FNSEA, organisateur de cette mobilisation.<\/p>\n<p>\u00ab\u00a0La r\u00e9volte paysanne red\u00e9marre aujourd\u2019hui\u00a0\u00bb<\/p>\n<p class=\" wall-content\">\u00ab\u00a0La r\u00e9volte paysanne red\u00e9marre aujourd\u2019hui et nous resterons ici jusqu\u2019\u00e0 ce qu\u2019on ait des r\u00e9ponses. On demande \u00e0 \u00eatre <strong>re\u00e7us par le Premier ministre<\/strong>,\u00a0\u00bb a d\u00e9clar\u00e9 \u00e0 ses troupes Damien Greffin, \u00e9galement responsable du syndicat pour le grand bassin parisien.\u00a0\u00ab\u00a0On ne bougera pas d\u2019ici tant qu\u2019on n\u2019aura pas \u00e9t\u00e9 re\u00e7us et entendus\u00a0\u00bb, a-t-il ajout\u00e9, applaudi par les manifestants, rassembl\u00e9s autour d\u2019une estrade improvis\u00e9e faite de ballots de paille.<\/p>\n<p class=\" wall-content\">Dans le m\u00eame temps, la ministre de l\u2019Agriculture Annie Genevard a promis d&rsquo;\u00a0\u00bbacc\u00e9l\u00e9rer\u00a0\u00bb, dans un message post\u00e9 sur X. \u00ab\u00a0Les agriculteurs veulent que cela acc\u00e9l\u00e8re. <strong>Nous allons acc\u00e9l\u00e9rer<\/strong>. Avec le Premier ministre et le gouvernement, nous poursuivons le travail d\u2019\u00e9laboration de propositions concr\u00e8tes ce jour pour permettre \u00e0 ceux qui nous nourrissent de remplir leur mission\u00a0\u00bb, a-t-elle d\u00e9clar\u00e9, sans plus de pr\u00e9cisions.<\/p>\n<p class=\" wall-content\">\n<p>Le Mercosur, l\u2019eau, les difficult\u00e9s financi\u00e8res\u2026<\/p>\n<p class=\" wall-content\">Le vice-pr\u00e9sident de la FNSEA, tout en rappelant l\u2019opposition \u00e0 l\u2019accord de libre-\u00e9change UE-Mercosur, qui devrait \u00eatre sign\u00e9 samedi au Paraguay, a list\u00e9 quatre autres \u00ab\u00a0priorit\u00e9s\u00a0\u00bb nationales d\u00e9fendues ce mardi.<\/p>\n<p class=\" wall-content\">Le syndicat demande \u00ab\u00a0une loi sp\u00e9ciale\u00a0\u00bb pour aborder \u00ab\u00a0la pr\u00e9dation du loup, les moyens de production et le sujet de l\u2019eau\u00a0\u00bb, \u00ab\u00a0un <strong>moratoire<\/strong> sur l\u2019ensemble des sujets eau\u00a0\u00bb, la \u00ab\u00a0suspension de la derni\u00e8re version de la directive nitrates\u00a0\u00bb, qui fixe les calendriers d\u2019\u00e9pandage des engrais, et des mesures fiscales, notamment \u00ab\u00a0une d\u00e9duction pour al\u00e9as \u00e9conomiques\u00a0\u00bb pour amortir les chocs du march\u00e9.<\/p>\n<p class=\" wall-content\">La pr\u00e9fecture de Police comptait \u00e0 10 heures quelque 400 manifestants rassembl\u00e9s aux abords de l\u2019Assembl\u00e9e nationale et 353 <strong>tracteurs<\/strong> positionn\u00e9s quai d\u2019Orsay. Damien Greffin\u00a0a pour sa part \u00e9voqu\u00e9 \u00ab\u00a0plus de 500 tracteurs et 800 agriculteurs\u00a0\u00bb.<\/p>\n<p class=\" wall-content\">Avec AFP.<\/p>\n<p class=\" wall-content\">Personnalisez votre actualit\u00e9 en ajoutant vos villes et m\u00e9dias en favori avec <a href=\"https:\/\/moncompte.actu.fr\" title=\"D\u00e9couvez Mon Actu\" rel=\"nofollow noopener\" data-trk=\"{&quot;cta&quot;:{&quot;action&quot;:&quot;https:\\\/\\\/moncompte.actu.fr&quot;,&quot;category&quot;:&quot;mon compte&quot;,&quot;from&quot;:&quot;article footer&quot;,&quot;name&quot;:&quot;Mon actu&quot;,&quot;type&quot;:&quot;cta&quot;}}\" target=\"_blank\">Mon Actu<\/a>.<\/p>\n","protected":false},"excerpt":{"rendered":"Par R\u00e9daction Paris Publi\u00e9 le 13 janv. 2026 \u00e0 11h11 Une mobilisation plus longue que pr\u00e9vue ? Les&hellip;\n","protected":false},"author":2,"featured_media":644875,"comment_status":"","ping_status":"","sticky":false,"template":"","format":"standard","meta":{"footnotes":""},"categories":[1888],"tags":[1111,1928,11,1927,327,1777,674,1011,27,1272,12,1926,626,1925,25,104],"class_list":{"0":"post-660391","1":"post","2":"type-post","3":"status-publish","4":"format-standard","5":"has-post-thumbnail","7":"category-paris","8":"tag-actu","9":"tag-actu-paris","10":"tag-actualites","11":"tag-actualites-paris","12":"tag-agriculture","13":"tag-eu","14":"tag-europe","15":"tag-fr","16":"tag-france","17":"tag-manifestations","18":"tag-news","19":"tag-news-paris","20":"tag-paris","21":"tag-paris-news","22":"tag-republique-francaise","23":"tag-societe"},"share_on_mastodon":{"url":"https:\/\/pubeurope.com\/@fr\/115887279133336945","error":""},"_links":{"self":[{"href":"https:\/\/www.europesays.com\/fr\/wp-json\/wp\/v2\/posts\/660391","targetHints":{"allow":["GET"]}}],"collection":[{"href":"https:\/\/www.europesays.com\/fr\/wp-json\/wp\/v2\/posts"}],"about":[{"href":"https:\/\/www.europesays.com\/fr\/wp-json\/wp\/v2\/types\/post"}],"author":[{"embeddable":true,"href":"https:\/\/www.europesays.com\/fr\/wp-json\/wp\/v2\/users\/2"}],"replies":[{"embeddable":true,"href":"https:\/\/www.europesays.com\/fr\/wp-json\/wp\/v2\/comments?post=660391"}],"version-history":[{"count":0,"href":"https:\/\/www.europesays.com\/fr\/wp-json\/wp\/v2\/posts\/660391\/revisions"}],"wp:featuredmedia":[{"embeddable":true,"href":"https:\/\/www.europesays.com\/fr\/wp-json\/wp\/v2\/media\/644875"}],"wp:attachment":[{"href":"https:\/\/www.europesays.com\/fr\/wp-json\/wp\/v2\/media?parent=660391"}],"wp:term":[{"taxonomy":"category","embeddable":true,"href":"https:\/\/www.europesays.com\/fr\/wp-json\/wp\/v2\/categories?post=660391"},{"taxonomy":"post_tag","embeddable":true,"href":"https:\/\/www.europesays.com\/fr\/wp-json\/wp\/v2\/tags?post=660391"}],"curies":[{"name":"wp","href":"https:\/\/api.w.org\/{rel}","templated":true}]}}