{"id":660394,"date":"2026-01-13T10:19:10","date_gmt":"2026-01-13T10:19:10","guid":{"rendered":"https:\/\/www.europesays.com\/fr\/660394\/"},"modified":"2026-01-13T10:19:10","modified_gmt":"2026-01-13T10:19:10","slug":"un-centre-culturel-de-5000-m%c2%b2-va-ouvrir-aux-portes-de-paris-en-2026","status":"publish","type":"post","link":"https:\/\/www.europesays.com\/fr\/660394\/","title":{"rendered":"Un centre culturel de 5000 m\u00b2 va ouvrir aux portes de Paris en 2026"},"content":{"rendered":"<p>C\u2019est un <strong>projet d\u2019ampleur<\/strong> qui s\u2019appr\u00eate \u00e0 enfin voir le jour \u00e0 <strong>Boulogne.<\/strong> D\u2019ici la fin de l\u2019ann\u00e9e, un<strong> immense complexe culturel <\/strong>va voir le jour du c\u00f4t\u00e9 de <strong>l\u2019\u00cele Seguin,<\/strong> apr\u00e8s <strong>plusieurs mois de travaux<\/strong>. Au programme\u00a0: un<strong> gigantesque centre d\u2019art,<\/strong> un <strong><a href=\"https:\/\/www.lebonbon.fr\/paris\/les-tops-culture\/top-des-cinemas-dart-et-dessai-a-paris\/\" target=\"_blank\" rel=\"noopener\">cin\u00e9ma<\/a>,<\/strong> mais aussi des <strong>commerces<\/strong> en tout genre, qui permettra de transformer une fois pour toutes l\u2019image <strong>des anciennes usines et des anciens ateliers Renault.<\/strong><\/p>\n<p>&#13;<br \/>\n<br \/>Un immense complexe aux multiples visages&#13;<\/p>\n<p>C\u2019est un <strong>projet d\u2019envergure<\/strong> que celui imagin\u00e9 par les<strong> architectes catalans de RCR Arquitectes<\/strong>, <strong>l\u2019agence fran\u00e7aise CALQ<\/strong> et <strong>l\u2019agence autrichienne Baumschlager Eberle<\/strong>. D\u2019ici quelques mois, <strong>l\u2019\u00cele Seguin,<\/strong> de l\u2019autre c\u00f4t\u00e9 par rapport \u00e0 la <strong><a href=\"https:\/\/www.lebonbon.fr\/paris\/culture\/benjamin-millepied-reinvente-casse-noisette-seine-musicale-janvier-2026\/\" target=\"_blank\" rel=\"noopener\">Seine<\/a> <a href=\"https:\/\/www.lebonbon.fr\/paris\/culture\/benjamin-millepied-reinvente-casse-noisette-seine-musicale-janvier-2026\/\" target=\"_blank\" rel=\"noopener\">Musicale<\/a>,<\/strong> d\u00e9voilera un<strong> tout nouveau visage<\/strong>. Tout d\u2019abord, un <strong>immense centre culturel<\/strong> de <strong>5000<\/strong> <strong>m\u00b2<\/strong> \u2014 dont la moiti\u00e9 consacr\u00e9e aux expositions \u2014 ouvrira ses portes. Une boutique-librairie, un bar, ou encore <strong>une terrasse panoramique de 1200 m\u00b2 <\/strong>viendront en faire le lieu parfait quelle que soit la saison.<\/p>\n<p>&#13;<\/p>\n<blockquote class=\"twitter-tweet\"><p>&#13;<\/p>\n<p lang=\"fr\" dir=\"ltr\">Le chantier du projet Pointe des Arts \u00cele Seguin \u00e0 Boulogne-Billancourt. Les rev\u00eatements cuivr\u00e9s des bureaux et du centre d&rsquo;art viennent d\u00e9sormais s&rsquo;int\u00e9grer \u00e0 l&rsquo;ensemble.<\/p>\n<p>Archi\u00a0: RCR, CALQ, Baumschlager Eberle<a href=\"https:\/\/twitter.com\/Emerige?ref_src=twsrc%5Etfw\" target=\"_blank\" rel=\"noopener\">@Emerige<\/a> <a href=\"https:\/\/t.co\/CvDDVy11iw\">https:\/\/t.co\/CvDDVy11iw<\/a> <a href=\"https:\/\/t.co\/KQrCzVG0z6\">pic.twitter.com\/KQrCzVG0z6<\/a><\/p>\n<p>&#13;<br \/>\n\u2014 Arthur Weidmann (@arthurweidmann1) <a href=\"https:\/\/twitter.com\/arthurweidmann1\/status\/1968619449105162685?ref_src=twsrc%5Etfw\" target=\"_blank\" rel=\"noopener\">September 18, 2025<\/a><\/p><\/blockquote>\n<p>&#13;<br \/>\n&#13;<\/p>\n<p>Il sera assorti d\u2019un <strong>cin\u00e9ma Path\u00e9<\/strong> de <strong>huit salles<\/strong> sur 6 000 m\u00b2 (l\u2019un des plus grands d\u2019Europe), de<strong> 7 500 m\u00b2 de commerces et de restaurants<\/strong>, d\u2019un <strong>h\u00f4tel 4 \u00e9toiles<\/strong>, et d&rsquo;un<strong> jardin de <a href=\"https:\/\/www.lebonbon.fr\/paris\/culture\/oeuvres-art-geantes-installent-rues-paris\/\" target=\"_blank\" rel=\"noopener\">sculptures<\/a> <a href=\"https:\/\/www.lebonbon.fr\/paris\/culture\/oeuvres-art-geantes-installent-rues-paris\/\" target=\"_blank\" rel=\"noopener\">monumentales<\/a> de 3,5 hectares,<\/strong> qui composeront tous ensemble<strong> la Pointe des Arts.<\/strong> Pour faire le lien entre cette zone et la Seine Musicale, un <strong>complexe commercial et de bureaux de 22 000 m\u00b2<\/strong> verra le jour dans les mois ou ann\u00e9es \u00e0 venir.<\/p>\n<p>&#13;<br \/>\n<br \/>La fin est proche&#13;<\/p>\n<p>Et bonne nouvelle, apr\u00e8s<strong> des mois et des mois de chantier et de travaux<\/strong>, vous n\u2019aurez plus \u00e0 patienter tr\u00e8s longtemps pour <strong>d\u00e9couvrir cette nouvelle zone<\/strong> hors du commun. En effet, d\u00e8s <strong>l\u2019\u00e9t\u00e9 2026,<\/strong> la majeure partie des \u00e9quipements seront accessibles, y compris <strong>le spa et la piscine de l\u2019h\u00f4tel<\/strong>, qui seront ouverts au grand public <strong>sur r\u00e9servation<\/strong>, ainsi que le <strong>cin\u00e9ma<\/strong>\u00a0! Le centre d\u2019art, de son c\u00f4t\u00e9, sera <strong>op\u00e9rationnel \u00e0 l\u2019automne.<\/strong> <a href=\"https:\/\/www.lebonbon.fr\/paris\/cine-series\/metro-ouverture-ligne-15-repoussee\/\" target=\"_blank\" rel=\"noopener\"><strong>L\u2019ouverture de la ligne 15<\/strong><\/a>, qui, bien que repouss\u00e9e encore et encore, ne devrait <strong>pas tarder,<\/strong> permettra de <strong>brasser encore plus de personnes sur l\u2019\u00eele,<\/strong> qui s\u2019attend \u00e0 recevoir entre <strong>2 et 3 millions de personnes<\/strong> chaque ann\u00e9e.<\/p>\n<p>&#13;<\/p>\n<blockquote class=\"twitter-tweet\"><p>&#13;<\/p>\n<p lang=\"fr\" dir=\"ltr\">En 2026, l\u2019ouverture de la pointe des Arts et du jardin public de la partie centrale marqueront une \u00e9tape d\u00e9cisive dans l&rsquo;am\u00e9nagement de l&rsquo;\u00eele Seguin. D\u00e9couvrez toutes ces transformations qui dessinent au fur et \u00e0 mesure le visage des berges, du Centre d\u2019art pluridisciplinaire\u2026 <a href=\"https:\/\/t.co\/dRojk5yW0O\">pic.twitter.com\/dRojk5yW0O<\/a><\/p>\n<p>&#13;<br \/>\n\u2014 Ville de Boulogne-Billancourt (@Ville_BoulogneB) <a href=\"https:\/\/twitter.com\/Ville_BoulogneB\/status\/1943180959693627848?ref_src=twsrc%5Etfw\" target=\"_blank\" rel=\"noopener\">July 10, 2025<\/a><\/p><\/blockquote>\n<p>&#13;<br \/>\n<script async src=\"https:\/\/platform.twitter.com\/widgets.js\" charset=\"utf-8\"><\/script><\/p>\n","protected":false},"excerpt":{"rendered":"C\u2019est un projet d\u2019ampleur qui s\u2019appr\u00eate \u00e0 enfin voir le jour \u00e0 Boulogne. D\u2019ici la fin de l\u2019ann\u00e9e,&hellip;\n","protected":false},"author":2,"featured_media":660395,"comment_status":"","ping_status":"","sticky":false,"template":"","format":"standard","meta":{"footnotes":""},"categories":[1888],"tags":[11,1777,674,1011,27,12,626,25],"class_list":{"0":"post-660394","1":"post","2":"type-post","3":"status-publish","4":"format-standard","5":"has-post-thumbnail","7":"category-paris","8":"tag-actualites","9":"tag-eu","10":"tag-europe","11":"tag-fr","12":"tag-france","13":"tag-news","14":"tag-paris","15":"tag-republique-francaise"},"share_on_mastodon":{"url":"https:\/\/pubeurope.com\/@fr\/115887286756658639","error":""},"_links":{"self":[{"href":"https:\/\/www.europesays.com\/fr\/wp-json\/wp\/v2\/posts\/660394","targetHints":{"allow":["GET"]}}],"collection":[{"href":"https:\/\/www.europesays.com\/fr\/wp-json\/wp\/v2\/posts"}],"about":[{"href":"https:\/\/www.europesays.com\/fr\/wp-json\/wp\/v2\/types\/post"}],"author":[{"embeddable":true,"href":"https:\/\/www.europesays.com\/fr\/wp-json\/wp\/v2\/users\/2"}],"replies":[{"embeddable":true,"href":"https:\/\/www.europesays.com\/fr\/wp-json\/wp\/v2\/comments?post=660394"}],"version-history":[{"count":0,"href":"https:\/\/www.europesays.com\/fr\/wp-json\/wp\/v2\/posts\/660394\/revisions"}],"wp:featuredmedia":[{"embeddable":true,"href":"https:\/\/www.europesays.com\/fr\/wp-json\/wp\/v2\/media\/660395"}],"wp:attachment":[{"href":"https:\/\/www.europesays.com\/fr\/wp-json\/wp\/v2\/media?parent=660394"}],"wp:term":[{"taxonomy":"category","embeddable":true,"href":"https:\/\/www.europesays.com\/fr\/wp-json\/wp\/v2\/categories?post=660394"},{"taxonomy":"post_tag","embeddable":true,"href":"https:\/\/www.europesays.com\/fr\/wp-json\/wp\/v2\/tags?post=660394"}],"curies":[{"name":"wp","href":"https:\/\/api.w.org\/{rel}","templated":true}]}}