{"id":660410,"date":"2026-01-13T10:28:10","date_gmt":"2026-01-13T10:28:10","guid":{"rendered":"https:\/\/www.europesays.com\/fr\/660410\/"},"modified":"2026-01-13T10:28:10","modified_gmt":"2026-01-13T10:28:10","slug":"le-pays-a-subi-la-plus-intense-attaque-aerienne-russe-depuis-le-debut-de-lannee-quatre-morts-a-kharkiv","status":"publish","type":"post","link":"https:\/\/www.europesays.com\/fr\/660410\/","title":{"rendered":"le\u00a0pays a subi la\u00a0plus intense attaque a\u00e9rienne russe depuis le\u00a0d\u00e9but de\u00a0l\u2019ann\u00e9e\u00a0; quatre morts \u00e0\u00a0Kharkiv"},"content":{"rendered":"<p>   2025, \u00ab\u00a0ann\u00e9e la plus meurtri\u00e8re\u00a0\u00bb pour les civils ukrainiens apr\u00e8s 2022, selon l\u2019ONU                        <\/p>\n<p class=\"post__live-container--answer-text post__space-node\">\u00ab\u00a0Le nombre total de victimes civiles en Ukraine en\u00a02025\u00a0a atteint au moins 2\u00a0514\u00a0morts et 12\u00a0142\u00a0bless\u00e9s\u00a0\u00bb, en hausse de 31\u00a0% par rapport \u00e0 2024\u00a0et de 70\u00a0% comparativement \u00e0 2023, selon la mission de surveillance des droits humains des Nations unies en Ukraine (HRMMU).<\/p>\n<p class=\"post__live-container--answer-text post__space-node\">Depuis le 24\u00a0f\u00e9vrier\u00a02022, l\u2019ONU a comptabilis\u00e9 pr\u00e8s de 15\u00a0000\u00a0civils tu\u00e9s et 40\u00a0600\u00a0bless\u00e9s. Mais le nombre r\u00e9el de victimes est \u00ab\u00a0probablement consid\u00e9rablement plus \u00e9lev\u00e9\u00a0\u00bb, notamment en raison de la difficult\u00e9 d\u2019acc\u00e8s \u00e0 certaines zones, en particulier durant les premiers mois de l\u2019invasion russe.<\/p>\n<p class=\"post__live-container--answer-text post__space-node\">\u00ab\u00a0Cette hausse est non seulement due \u00e0 l\u2019intensification des hostilit\u00e9s le long de la ligne de front, mais aussi \u00e0 l\u2019utilisation accrue d\u2019armes de longue port\u00e9e\u00a0\u00bb, a d\u00e9clar\u00e9 dans un communiqu\u00e9 Danielle Bell, cheffe de la mission onusienne.<\/p>\n<p class=\"post__live-container--answer-text post__space-node\">En\u00a02025, la Russie s\u2019est empar\u00e9e de plus de 5\u00a0600\u00a0kilom\u00e8tres carr\u00e9s, soit 0,94\u00a0% de la superficie de l\u2019Ukraine, davantage que dans les ann\u00e9es 2024 et 2023\u00a0r\u00e9unies, selon l\u2019analyse par l\u2019Agence France-Presse des donn\u00e9es de l\u2019Institut am\u00e9ricain pour l\u2019\u00e9tude de la guerre (ISW), qui travaille avec le Critical Threats Project (CTP), deux centres de r\u00e9flexion am\u00e9ricains sp\u00e9cialis\u00e9s dans l\u2019\u00e9tude des conflits.<\/p>\n","protected":false},"excerpt":{"rendered":"2025, \u00ab\u00a0ann\u00e9e la plus meurtri\u00e8re\u00a0\u00bb pour les civils ukrainiens apr\u00e8s 2022, selon l\u2019ONU \u00ab\u00a0Le nombre total de victimes&hellip;\n","protected":false},"author":2,"featured_media":660411,"comment_status":"","ping_status":"","sticky":false,"template":"","format":"standard","meta":{"footnotes":""},"categories":[2],"tags":[11,1011,27,12,25],"class_list":{"0":"post-660410","1":"post","2":"type-post","3":"status-publish","4":"format-standard","5":"has-post-thumbnail","7":"category-actualites","8":"tag-actualites","9":"tag-fr","10":"tag-france","11":"tag-news","12":"tag-republique-francaise"},"share_on_mastodon":{"url":"https:\/\/pubeurope.com\/@fr\/115887322142234434","error":""},"_links":{"self":[{"href":"https:\/\/www.europesays.com\/fr\/wp-json\/wp\/v2\/posts\/660410","targetHints":{"allow":["GET"]}}],"collection":[{"href":"https:\/\/www.europesays.com\/fr\/wp-json\/wp\/v2\/posts"}],"about":[{"href":"https:\/\/www.europesays.com\/fr\/wp-json\/wp\/v2\/types\/post"}],"author":[{"embeddable":true,"href":"https:\/\/www.europesays.com\/fr\/wp-json\/wp\/v2\/users\/2"}],"replies":[{"embeddable":true,"href":"https:\/\/www.europesays.com\/fr\/wp-json\/wp\/v2\/comments?post=660410"}],"version-history":[{"count":0,"href":"https:\/\/www.europesays.com\/fr\/wp-json\/wp\/v2\/posts\/660410\/revisions"}],"wp:featuredmedia":[{"embeddable":true,"href":"https:\/\/www.europesays.com\/fr\/wp-json\/wp\/v2\/media\/660411"}],"wp:attachment":[{"href":"https:\/\/www.europesays.com\/fr\/wp-json\/wp\/v2\/media?parent=660410"}],"wp:term":[{"taxonomy":"category","embeddable":true,"href":"https:\/\/www.europesays.com\/fr\/wp-json\/wp\/v2\/categories?post=660410"},{"taxonomy":"post_tag","embeddable":true,"href":"https:\/\/www.europesays.com\/fr\/wp-json\/wp\/v2\/tags?post=660410"}],"curies":[{"name":"wp","href":"https:\/\/api.w.org\/{rel}","templated":true}]}}