{"id":660416,"date":"2026-01-13T10:34:13","date_gmt":"2026-01-13T10:34:13","guid":{"rendered":"https:\/\/www.europesays.com\/fr\/660416\/"},"modified":"2026-01-13T10:34:13","modified_gmt":"2026-01-13T10:34:13","slug":"open-daustralie-gilles-arnaud-bailly-passe-le-premier-tour-des-qualifications-gauthier-onclin-sincline","status":"publish","type":"post","link":"https:\/\/www.europesays.com\/fr\/660416\/","title":{"rendered":"Open d&rsquo;Australie: Gilles Arnaud Bailly passe le premier tour des qualifications, Gauthier Onclin s&rsquo;incline"},"content":{"rendered":"<p class=\"ap-StoryElement ap-StoryElement--mb ap-StoryText\">Au premier tour des qualifications de l&rsquo;Open d&rsquo;Australie, le N.5 belge, 20 ans, a pris le meilleur sur le Britannique Jack Pinnington Jones (ATP 201) en deux sets: 6-4, 6-4. La rencontre a pris fin apr\u00e8s une heure et 40 minutes de jeu.<\/p>\n<p class=\"ap-StoryElement ap-StoryElement--mb ap-StoryText\">Le Limbourgeois a ainsi pris sa revanche sur le joueur qui l&rsquo;avait \u00e9cart\u00e9 au premier tour des qualifications du tournoi Challenger 125 de Canberra la semaine derni\u00e8re, et qui a finalement \u00e9t\u00e9 remport\u00e9 samedi par Alexander Blockx (ATP 115).<\/p>\n<p><a href=\"https:\/\/www.dhnet.be\/sports\/tennis\/2026\/01\/11\/australian-open-la-united-cup-pour-largent-preparation-et-objectifs-2026-les-sept-belges-engages-dans-les-qualifications-vous-disent-tout-LQMADBG3EZBSHDXANWKDA7K2PY\/\" target=\"_self\" class=\"ap-StoryInterstitialLink ap-StoryElement ap-StoryElement--mb\" rel=\"noopener\">Australian Open \u2013 \u00ab\u00a0La United Cup pour l&rsquo;argent\u00a0\u00bb: pr\u00e9paration et objectifs 2026, les sept Belges engag\u00e9s dans les qualifications vous disent tout<\/a><\/p>\n<p class=\"ap-StoryElement ap-StoryElement--mb ap-StoryText\">Bailly sera oppos\u00e9 au deuxi\u00e8me tour au vainqueur du match qui doit opposer l&rsquo;Espagnol Roberto Carballes Baena (ATP 128), 16e t\u00eate de s\u00e9rie de ce tableau pr\u00e9liminaire, au Fran\u00e7ais Arthur Bouquier (ATP 225).<\/p>\n<p class=\"ap-StoryElement ap-StoryElement--mb ap-StoryText\">Il faut gagner trois matchs dans le tableau des qualifications pour d\u00e9crocher un des 16 tickets mis en jeu donnant acc\u00e8s au tableau final.<\/p>\n<p><a href=\"https:\/\/www.dhnet.be\/sports\/tennis\/2026\/01\/09\/comment-une-novice-a-pu-disputer-un-tournoi-professionnel-a-nairobi-cest-autorise-mais-ca-narriverait-pas-en-belgique-BXLKZUZRZBGBXNFIANW6BUKQZA\/\" target=\"_self\" class=\"ap-StoryInterstitialLink ap-StoryElement ap-StoryElement--mb\" rel=\"noopener\">Comment une novice a pu disputer un tournoi professionnel \u00e0 Nairobi : \u00ab\u00a0C&rsquo;est autoris\u00e9 mais \u00e7a n&rsquo;arriverait pas en Belgique\u00a0\u00bb<\/a>Gauthier Onclin s&rsquo;incline<\/p>\n<p class=\"ap-StoryElement ap-StoryElement--mb ap-StoryText\">Gauthier Onclin (ATP 266), lui, n&rsquo;a pas r\u00e9ussi \u00e0 obtenir son billet pour le deuxi\u00e8me tour des qualifications. Le Li\u00e9geois s&rsquo;est inclin\u00e9 en trois sets (6-3, 3-6, 6-4) dans le duel qui l&rsquo;opposait \u00e0 l&rsquo;Am\u00e9ricain Martin Damm (ATP 173). La rencontre a pris fin apr\u00e8s deux heures et quatre minutes d&rsquo;\u00e9changes.<\/p>\n<p class=\"ap-StoryElement ap-StoryElement--mb ap-StoryText\">Cette \u00e9limination va co\u00fbter cher en points ATP au Li\u00e9geois. En 2025, Onclin \u00e9tait en effet parvenu \u00e0 s&rsquo;extraire des qualifications de ce premier tournoi du Grand Chelem de l&rsquo;ann\u00e9e, avant de s&rsquo;incliner au premier tour dans son premier et seul tournoi du Grand Chelem disput\u00e9 \u00e0 ce jour. Il avait ensuite tr\u00e9buch\u00e9 lors des qualifications \u00e0 Roland-Garros (1er tour), Wimbledon (2e tour) et US Open (1er tour).<\/p>\n","protected":false},"excerpt":{"rendered":"Au premier tour des qualifications de l&rsquo;Open d&rsquo;Australie, le N.5 belge, 20 ans, a pris le meilleur sur&hellip;\n","protected":false},"author":2,"featured_media":660417,"comment_status":"","ping_status":"","sticky":false,"template":"","format":"standard","meta":{"footnotes":""},"categories":[1415],"tags":[5035,1011,27,60,1467],"class_list":{"0":"post-660416","1":"post","2":"type-post","3":"status-publish","4":"format-standard","5":"has-post-thumbnail","7":"category-tennis","8":"tag-australie","9":"tag-fr","10":"tag-france","11":"tag-sports","12":"tag-tennis"},"share_on_mastodon":{"url":"https:\/\/pubeurope.com\/@fr\/115887345689909203","error":""},"_links":{"self":[{"href":"https:\/\/www.europesays.com\/fr\/wp-json\/wp\/v2\/posts\/660416","targetHints":{"allow":["GET"]}}],"collection":[{"href":"https:\/\/www.europesays.com\/fr\/wp-json\/wp\/v2\/posts"}],"about":[{"href":"https:\/\/www.europesays.com\/fr\/wp-json\/wp\/v2\/types\/post"}],"author":[{"embeddable":true,"href":"https:\/\/www.europesays.com\/fr\/wp-json\/wp\/v2\/users\/2"}],"replies":[{"embeddable":true,"href":"https:\/\/www.europesays.com\/fr\/wp-json\/wp\/v2\/comments?post=660416"}],"version-history":[{"count":0,"href":"https:\/\/www.europesays.com\/fr\/wp-json\/wp\/v2\/posts\/660416\/revisions"}],"wp:featuredmedia":[{"embeddable":true,"href":"https:\/\/www.europesays.com\/fr\/wp-json\/wp\/v2\/media\/660417"}],"wp:attachment":[{"href":"https:\/\/www.europesays.com\/fr\/wp-json\/wp\/v2\/media?parent=660416"}],"wp:term":[{"taxonomy":"category","embeddable":true,"href":"https:\/\/www.europesays.com\/fr\/wp-json\/wp\/v2\/categories?post=660416"},{"taxonomy":"post_tag","embeddable":true,"href":"https:\/\/www.europesays.com\/fr\/wp-json\/wp\/v2\/tags?post=660416"}],"curies":[{"name":"wp","href":"https:\/\/api.w.org\/{rel}","templated":true}]}}