{"id":660418,"date":"2026-01-13T10:38:18","date_gmt":"2026-01-13T10:38:18","guid":{"rendered":"https:\/\/www.europesays.com\/fr\/660418\/"},"modified":"2026-01-13T10:38:18","modified_gmt":"2026-01-13T10:38:18","slug":"lise-revol-je-netais-pas-en-gestion-du-tout-actualite","status":"publish","type":"post","link":"https:\/\/www.europesays.com\/fr\/660418\/","title":{"rendered":"Lise Revol : \u00ab Je n&rsquo;\u00e9tais pas en gestion du tout \u00bb &#8211; Actualit\u00e9"},"content":{"rendered":"<p style=\"text-align: justify;\"><strong><a href=\"https:\/\/www.directvelo.com\/actualite\/126359\/cc-championnat-de-france-u19-femmes-classement\" target=\"_blank\" rel=\"noopener\">Il n&rsquo;y a pas eu de surprise chez les Juniors Femmes<\/a><\/strong>, au Championnat de France de Troyes, ce dimanche matin. Championne du Monde de la discipline et leader de la Coupe du Monde, <strong><a href=\"https:\/\/www.directvelo.com\/coureur\/46229\/lise-revol\" target=\"_blank\" rel=\"noopener\">Lise Revol<\/a><\/strong> s&rsquo;est \u00e9vit\u00e9 des frayeurs inutiles en dominant d\u00e8s le d\u00e9part ses adversaires. Partie d\u00e9j\u00e0 fort dans les premi\u00e8res parties techniques, elle a ensuite conserv\u00e9 son matelas tout au long des trois tours de course. L&rsquo;\u00e9motion \u00e9tait donc assez contenue en conf\u00e9rence de presse, avec ce nouveau maillot bleu-blanc-rouge sur ses \u00e9paules. \u00ab\u00a0Il n&rsquo;est pas diff\u00e9rent des autres, surtout que je ne le porte pas vraiment\u00a0\u00bb.<\/p>\n<p style=\"text-align: justify;\">Avec l&rsquo;arc-en-ciel sur les \u00e9paules, le public savait \u00e0 qui il avait affaire. \u00ab\u00a0C&rsquo;est vrai qu&rsquo;on me reconna\u00eet plus\u00a0\u00bb, pense-t-elle. Et Lise Revol avait bien besoin de soutien, car son avance n&rsquo;a jamais vraiment d\u00e9coll\u00e9. D&rsquo;abord sur Laly Pichon et Camille Basset, avant que Z\u00e9lie Lambert ne fasse une remont\u00e9e et ne la chasse avec 15 secondes de retard dans le dernier tour. \u00ab\u00a0Je n&rsquo;\u00e9tais pas en gestion du tout\u00a0\u00bb, rigole la Championne de France, qui a m\u00eame subi une petite chute au passage. Concentr\u00e9e sur son effort sans paniquer, elle a pr\u00e9f\u00e9r\u00e9 jouer la prudence dans le bourbier de Troyes.\u00a0\u00ab\u00a0J&rsquo;ai essay\u00e9 de ne pas faire d&rsquo;erreurs\u00a0\u00bb.<\/p>\n<p>Cette application technique lui servira pour la fin de saison, o\u00f9 elle doit d&rsquo;abord conserver son avance en t\u00eate de la Coupe du Monde. \u00ab\u00a0\u00c7a va \u00eatre des objectifs, je voulais gagner le plus possible cette ann\u00e9e, ce sera encore le cas, mais \u00e7a va \u00eatre un bon entrainement pour le dernier bloc avant le Mondial\u00a0\u00bb. \u00c0 Hulst, elle d\u00e9fendra encore un titre. \u00ab\u00a0J&rsquo;essaie de ne pas \u00eatre trop confiante, l&rsquo;ann\u00e9e derni\u00e8re je n&rsquo;\u00e9tais pas trop stress\u00e9e. Je me sentais sereine mais je ne savais pas comment \u00e7a allait se passer, donc je vais essayer de l&rsquo;aborder de la m\u00eame mani\u00e8re\u00a0\u00bb. Lise Revol se contenterait bien de ne pas porter le bleu-blanc-rouge sur la fin d&rsquo;hiver.<\/p>\n","protected":false},"excerpt":{"rendered":"Il n&rsquo;y a pas eu de surprise chez les Juniors Femmes, au Championnat de France de Troyes, ce&hellip;\n","protected":false},"author":2,"featured_media":660419,"comment_status":"","ping_status":"","sticky":false,"template":"","format":"standard","meta":{"footnotes":""},"categories":[1411],"tags":[834,828,836,829,837,827,83,826,824,823,1154,207,814,817,815,816,822,821,832,211,839,1011,27,820,818,819,835,831,830,833,838,60,212,208,825],"class_list":{"0":"post-660418","1":"post","2":"type-post","3":"status-publish","4":"format-standard","5":"has-post-thumbnail","7":"category-cyclisme","8":"tag-attaque","9":"tag-belgique","10":"tag-braquet","11":"tag-bretagne","12":"tag-chute","13":"tag-competition","14":"tag-coupe-de-france","15":"tag-coureur","16":"tag-course-cyclisme","17":"tag-course-cycliste","18":"tag-cycling","19":"tag-cyclisme","20":"tag-direct","21":"tag-direct-velo","22":"tag-directvelo","23":"tag-directvelo-com","24":"tag-epreuve","25":"tag-epreuve-cycliste","26":"tag-federation-francaise-de-cyclisme","27":"tag-ffc","28":"tag-flandres","29":"tag-fr","30":"tag-france","31":"tag-live","32":"tag-live-course","33":"tag-live-epreuve","34":"tag-peloton","35":"tag-radio-peloton","36":"tag-radio-tour","37":"tag-ravitaillement","38":"tag-relance","39":"tag-sports","40":"tag-uci","41":"tag-velo","42":"tag-velos"},"share_on_mastodon":{"url":"https:\/\/pubeurope.com\/@fr\/115887361558024945","error":""},"_links":{"self":[{"href":"https:\/\/www.europesays.com\/fr\/wp-json\/wp\/v2\/posts\/660418","targetHints":{"allow":["GET"]}}],"collection":[{"href":"https:\/\/www.europesays.com\/fr\/wp-json\/wp\/v2\/posts"}],"about":[{"href":"https:\/\/www.europesays.com\/fr\/wp-json\/wp\/v2\/types\/post"}],"author":[{"embeddable":true,"href":"https:\/\/www.europesays.com\/fr\/wp-json\/wp\/v2\/users\/2"}],"replies":[{"embeddable":true,"href":"https:\/\/www.europesays.com\/fr\/wp-json\/wp\/v2\/comments?post=660418"}],"version-history":[{"count":0,"href":"https:\/\/www.europesays.com\/fr\/wp-json\/wp\/v2\/posts\/660418\/revisions"}],"wp:featuredmedia":[{"embeddable":true,"href":"https:\/\/www.europesays.com\/fr\/wp-json\/wp\/v2\/media\/660419"}],"wp:attachment":[{"href":"https:\/\/www.europesays.com\/fr\/wp-json\/wp\/v2\/media?parent=660418"}],"wp:term":[{"taxonomy":"category","embeddable":true,"href":"https:\/\/www.europesays.com\/fr\/wp-json\/wp\/v2\/categories?post=660418"},{"taxonomy":"post_tag","embeddable":true,"href":"https:\/\/www.europesays.com\/fr\/wp-json\/wp\/v2\/tags?post=660418"}],"curies":[{"name":"wp","href":"https:\/\/api.w.org\/{rel}","templated":true}]}}