{"id":660420,"date":"2026-01-13T10:39:14","date_gmt":"2026-01-13T10:39:14","guid":{"rendered":"https:\/\/www.europesays.com\/fr\/660420\/"},"modified":"2026-01-13T10:39:14","modified_gmt":"2026-01-13T10:39:14","slug":"psg-pfc-les-compositions-probables-selon-la-presse","status":"publish","type":"post","link":"https:\/\/www.europesays.com\/fr\/660420\/","title":{"rendered":"PSG \/ PFC &#8211; Les compositions probables selon la presse"},"content":{"rendered":"<p><img width=\"700\" height=\"350\" src=\"https:\/\/www.europesays.com\/fr\/wp-content\/uploads\/2025\/12\/PSG-PFC.png\" class=\"attachment-jannah-image-post size-jannah-image-post wp-post-image\" alt=\"PSG PFC\" is_main_img=\"1\" decoding=\"async\" fetchpriority=\"high\"  \/><\/p>\n<p>Ce lundi soir (21h10 sur beIN SPORTS 1 et France 3), le PSG<br \/>\naffronte le Paris FC en 16es de finale de Coupe de France. Et Luis<br \/>\nEnrique pourrait faire tourner \u00e0 certains postes.<\/p>\n<p><strong>PSG \/ Paris FC<\/strong> acte II. Huit jours apr\u00e8s leur<br \/>\nvictoire dans le derby francilien en <strong>Ligue 1<\/strong><br \/>\n(2-1), les Rouge &amp; Bleu retrouvent leur voisin parisien dans le<br \/>\ncadre d\u2019un <strong>16e de finale de Coupe de France<\/strong> (21h10<br \/>\nsur France 3 et beIN SPORTS 1). Tenant du titre,<br \/>\nle champion d\u2019Europe aura \u00e0 coeur de conserver son troph\u00e9e. Pour<br \/>\ncela, <strong><a href=\"https:\/\/canal-supporters.com\/luis-enrique-en-ce-moment-on-cherche-a-nous-destabiliser-a-lexterieur-avec-des-fake-news\/\" title=\"\" target=\"_blank\" rel=\"noopener\">Luis Enrique<\/a><\/strong> compte bien aligner une \u00e9quipe<br \/>\ncomp\u00e9titive. Cependant, le technicien espagnol devra composer avec<br \/>\nquelques absences comme <strong>Matvey Safonov<\/strong>,<br \/>\n<strong>Lee Kang-In<\/strong> et <strong>Quentin Ndjantou<\/strong>,<br \/>\ntous bless\u00e9s, tandis qu\u2019<strong>Achraf Hakimi<\/strong> et<br \/>\n<strong>Ibrahim Mbaye<\/strong> sont toujours retenus avec leur<br \/>\ns\u00e9lection pour disputer la <strong>CAN<\/strong>. Malade,<br \/>\n<strong>Lucas Hernandez<\/strong> est incertain pour cette<br \/>\nrencontre.<\/p>\n<p>Une troisi\u00e8me<br \/>\ntitularisation de suite pour Chevalier ?<\/p>\n<p>Dans les buts, <strong><a href=\"https:\/\/canal-supporters.com\/chevalier-je-sais-pourquoi-je-suis-venu-au-psg-et-je-ne-lacherai-pas-quoi-quil-arrive\/\" title=\"\" target=\"_blank\" rel=\"noopener\">Lucas Chevalier<\/a><\/strong> pourrait encha\u00eener avec une<br \/>\ntroisi\u00e8me titularisation de suite, selon <strong><a href=\"https:\/\/www.leparisien.fr\/sports\/football\/psg\/psg-paris-fc-le-psg-avec-chevalier-le-pfc-avec-nkambadio-les-compos-probables-du-derby-en-coupe-de-france-11-01-2026-M6K6IYX4KVCONN4M2IQOJH6PVU.php\" target=\"_blank\" rel=\"noopener\" title=\"\">Le<br \/>\nParisien<\/a><\/strong>. En d\u00e9fense, <strong>Warren<br \/>\nZa\u00efre-Emery<\/strong> et <strong>Nuno Mendes<\/strong> pourraient<br \/>\n\u00eatre reconduits au poste de lat\u00e9raux tandis qu\u2019<strong>Illia<br \/>\nZabarnyi<\/strong> et <strong>Lucas Beraldo<\/strong> sont pressentis<br \/>\npour d\u00e9buter en charni\u00e8re centrale. Dans l\u2019entrejeu, <strong>Senny<br \/>\nMayulu<\/strong> pourrait \u00eatre associ\u00e9 aux Portugais<br \/>\n<strong>Vitinha<\/strong> et <strong>Jo\u00e3o Neves<\/strong>. Enfin,<br \/>\npour l\u2019attaque, un trio <strong>Bradley Barcola<\/strong>,<br \/>\n<strong>Gon\u00e7alo Ramos<\/strong> et <strong>Khvicha<br \/>\nKavaratskhelia<\/strong> serait align\u00e9, selon le quotidien<br \/>\nfrancilien, laissant ainsi sur le banc <strong>Ousmane<br \/>\nDemb\u00e9l\u00e9<\/strong> et <strong>D\u00e9sir\u00e9 Dou\u00e9<\/strong>.<\/p>\n<ul class=\"wp-block-list\">\n<li>Le XI probable du <strong>PSG<\/strong> : Chevalier \u2013 Za\u00efre-Emery, Zabarnyi, Beraldo, Nuno Mendes \u2013 J.Neves, Vitinha (c), Mayulu \u2013 Barcola, G.Ramos, Kvaratskhelia<\/li>\n<li>Le XI probable du <strong>PFC<\/strong> : Nkambadio \u2013 Sangui, Mbow, Kolodziejczak, Otavio, De Smet \u2013 Ikon\u00e9, M.Lopez (c), Camara, Gory \u2013 Geubbels<\/li>\n<\/ul>\n<p> <img loading=\"lazy\" decoding=\"async\" width=\"622\" height=\"743\" src=\"https:\/\/www.europesays.com\/fr\/wp-content\/uploads\/2026\/01\/Les-compositions-probables-PSG-PFC-Le-Parisien-1.jpg\" alt=\"Les compositions probables PSG : PFC (Le Parisien)\" class=\"wp-image-588560\" style=\"aspect-ratio:0.8371515798356871;width:561px;height:auto\"  \/> Les compositions probables de PSG \/ PFC (Le Parisien) <\/p>\n<p>Youtube :<br \/>\n<strong><a href=\"https:\/\/www.youtube.com\/@CanalSupportersParis\" target=\"_blank\" rel=\"noopener\" title=\"\">Canal Supporters<br \/>\nParis<\/a><\/strong><\/p>\n","protected":false},"excerpt":{"rendered":"Ce lundi soir (21h10 sur beIN SPORTS 1 et France 3), le PSG affronte le Paris FC en&hellip;\n","protected":false},"author":2,"featured_media":631417,"comment_status":"","ping_status":"","sticky":false,"template":"","format":"standard","meta":{"footnotes":""},"categories":[1410],"tags":[76223,12460,785,81,38756,13120,83,787,63,1011,27,86,87,26782,1612,5210,91,92,93,74029,74030,60,96,13296,29675,1621],"class_list":{"0":"post-660420","1":"post","2":"type-post","3":"status-publish","4":"format-standard","5":"has-post-thumbnail","7":"category-football","8":"tag-16es-de-finale-coupe-de-france","9":"tag-barcola","10":"tag-beraldo","11":"tag-canal-supporters","12":"tag-chevalier","13":"tag-compositions-probables","14":"tag-coupe-de-france","15":"tag-cs","16":"tag-football","17":"tag-fr","18":"tag-france","19":"tag-goncalo-ramos","20":"tag-joao-neves","21":"tag-kvaratskhelia","22":"tag-mayulu","23":"tag-nuno-mendes","24":"tag-paris-saint-germain","25":"tag-paris-sg","26":"tag-psg","27":"tag-psg-paris-fc","28":"tag-psg-pfc","29":"tag-sports","30":"tag-une","31":"tag-vitinha","32":"tag-zabarnyi","33":"tag-zaire-emery"},"share_on_mastodon":{"url":"https:\/\/pubeurope.com\/@fr\/115887365553178544","error":""},"_links":{"self":[{"href":"https:\/\/www.europesays.com\/fr\/wp-json\/wp\/v2\/posts\/660420","targetHints":{"allow":["GET"]}}],"collection":[{"href":"https:\/\/www.europesays.com\/fr\/wp-json\/wp\/v2\/posts"}],"about":[{"href":"https:\/\/www.europesays.com\/fr\/wp-json\/wp\/v2\/types\/post"}],"author":[{"embeddable":true,"href":"https:\/\/www.europesays.com\/fr\/wp-json\/wp\/v2\/users\/2"}],"replies":[{"embeddable":true,"href":"https:\/\/www.europesays.com\/fr\/wp-json\/wp\/v2\/comments?post=660420"}],"version-history":[{"count":0,"href":"https:\/\/www.europesays.com\/fr\/wp-json\/wp\/v2\/posts\/660420\/revisions"}],"wp:featuredmedia":[{"embeddable":true,"href":"https:\/\/www.europesays.com\/fr\/wp-json\/wp\/v2\/media\/631417"}],"wp:attachment":[{"href":"https:\/\/www.europesays.com\/fr\/wp-json\/wp\/v2\/media?parent=660420"}],"wp:term":[{"taxonomy":"category","embeddable":true,"href":"https:\/\/www.europesays.com\/fr\/wp-json\/wp\/v2\/categories?post=660420"},{"taxonomy":"post_tag","embeddable":true,"href":"https:\/\/www.europesays.com\/fr\/wp-json\/wp\/v2\/tags?post=660420"}],"curies":[{"name":"wp","href":"https:\/\/api.w.org\/{rel}","templated":true}]}}