{"id":660421,"date":"2026-01-13T10:40:11","date_gmt":"2026-01-13T10:40:11","guid":{"rendered":"https:\/\/www.europesays.com\/fr\/660421\/"},"modified":"2026-01-13T10:40:11","modified_gmt":"2026-01-13T10:40:11","slug":"thimotee-chalamet-apres-son-sacre-aux-golden-globes-pour-que-2026-soit-vraiment-parfaite-il-faudra-que-saint-etienne-remonte-en-ligue-1-lequipe","status":"publish","type":"post","link":"https:\/\/www.europesays.com\/fr\/660421\/","title":{"rendered":"Thimot\u00e9e Chalamet apr\u00e8s son sacre aux Golden Globes : \u00ab Pour que 2026 soit vraiment parfaite, il faudra que Saint-\u00c9tienne remonte en Ligue 1 \u00bb &#8211; L&#039;\u00c9quipe"},"content":{"rendered":"<ol>\n<li><a href=\"https:\/\/news.google.com\/rss\/articles\/CBMilAJBVV95cUxQaXB2N1FHbUtxNElvTFpvV1VfQWVHakdEazdyelhmSWkzOUVZcGg3dFA3eGoteTVZVVFnaktmQlI2eXJndTFvb3ZxUmJLaFR5SDdqeEZYeldLcnRRTlV0QW1GNnRZRXE4ckhMdG1adEdOWlROM1JTampxd0QyQTNiR21mLVBPdWdYTFd0bUhxSUhhSHhSWllhV1h4LV9DemNxSnJjRzluSERKdFRFX2phZmVGSlBySHNpb180QzlENlh1bjcyeGdMcFpTMkJPMkU4dUlrZGVuWmh3QWE1bEFCUHN2NzItNlJfRHJqVnowNkRVaUlYdXBsVFMtZ2swMC02R19BWlpueTJWaXo4eC04MUhKNWI?oc=5\" target=\"_blank\" rel=\"noopener\">Thimot\u00e9e Chalamet apr\u00e8s son sacre aux Golden Globes : \u00ab Pour que 2026 soit vraiment parfaite, il faudra que Saint-\u00c9tienne remonte en Ligue 1 \u00bb<\/a>&nbsp;&nbsp;L&rsquo;\u00c9quipe<\/li>\n<li><a href=\"https:\/\/news.google.com\/rss\/articles\/CBMitgFBVV95cUxPS3dGYWJzbmlEVXVranpHeEN5VVhqWWFLNUMtajFRTEVOZzBvRkVHaGJyc0MzQnBpajFuV2VPNFl4MXhQeWVlWlJ4UGNxS3lUcjlTNXFxTGFSdGNEbUh2M0JMV2lESDg1WmppYmMySVdPUU1xX3VZZnNXYm1mMV9ycmt5MFlBVlRIUVZDdVhDYUE5Zm1FT2FPcUFQYWgtVW9ZZmlCSU5lWi1Tb3FRSWJkZFdnaW5zQQ?oc=5\" target=\"_blank\" rel=\"noopener\">Dans le couple Timoth\u00e9e Chalamet et Kylie Jenner, qui est LA star ?<\/a>&nbsp;&nbsp;20 Minutes<\/li>\n<li><a href=\"https:\/\/news.google.com\/rss\/articles\/CBMi8wFBVV95cUxObVExUFl2THdCTE1rNFRnMjJxcUk0WlgwSnVTUGdSMnlLZGdMaWFDakJubmRJMUllcWhhaDgwcFg2dGZHLTk5MHB0dEIwNUtfYk0xQ2dESjdBaF9pa0xIbTAzN2U3QXFObGgtUm9xRENqMVJyQ1RLSjdXVVdoYkp4VTJSaTBQYXJRVU5Pa045cTZ1WUJIaGMxcHY2Y1Vra2RxTG9JNHpvOVVya09LX1QyT0NMdDdlN01wTkJwODhVYkllQkVaX2ZqN0JrZzFjRzNVbXhtZGNVQkpjN3M2Tm1QYjRNQi05cmNCakNvM2dwbFNlZ0U?oc=5\" target=\"_blank\" rel=\"noopener\">En remportant le Golden Globe du meilleur acteur, Timoth\u00e9e Chalamet se rapproche de l\u2019Oscar<\/a>&nbsp;&nbsp;Ouest-France<\/li>\n<li><a href=\"https:\/\/news.google.com\/rss\/articles\/CBMixwFBVV95cUxOcVVadDRtRmpqWkR4Q0FiNG13VWRNSVRoYWJ1cmNoVXkyb0p4RWtiOGM3ZWRWSlA0aklKY01uOHItTEpWMVhHWFRUQ01xUjlYU3lIcnE0WFhBRXJjQy01TUdXdWwwa1V5Z0F5M1JvODlDcU1La0FqT0xSYktjeHgybWdlNmhoOTB5SW8xNnkyaHlrWUdwNTFzNzl6UzFoOG1xNEVINVZ0b2p3ZkxGVHNkc3lNc1BiVDAwaTZKN3V5bnl5VS0tcHVV?oc=5\" target=\"_blank\" rel=\"noopener\">Vid\u00e9o exclusive Golden Globes : le baiser \u00e9chang\u00e9 entre Timoth\u00e9e Chalamet et Kylie Jenner<\/a>&nbsp;&nbsp;parismatch.com<\/li>\n<li><a href=\"https:\/\/news.google.com\/rss\/articles\/CBMixgFBVV95cUxPQzcyRWl0dlUwNXMwZ0hSVDlnUEl5TEdSaFpxaGRKMHV2bmhNU3ZtZjF2MVdyVmFOdDV4UmxuMVBtUWV1Q3BLRzN4VDdMUTZmT0c3d29WUURJQnlNUTJscExsMnZPWE1zZ3Z3bUppS3NacmdlY1V0Q2JETGZPNWczTUVETVVId0ozbmZJR010VGtVVy0tRno3Rm15akxwZWl2clRlVVR6anJycW1MOVAtV2VvMnhEdTNSVGl0VzN0dF9Pc1ZxQnc?oc=5\" target=\"_blank\" rel=\"noopener\">Aux Golden Globes, Timoth\u00e9e Chalamet dans le mille<\/a>&nbsp;&nbsp;Lib\u00e9ration<\/li>\n<\/ol>\n","protected":false},"excerpt":{"rendered":"Thimot\u00e9e Chalamet apr\u00e8s son sacre aux Golden Globes : \u00ab Pour que 2026 soit vraiment parfaite, il faudra&hellip;\n","protected":false},"author":2,"featured_media":660422,"comment_status":"","ping_status":"","sticky":false,"template":"","format":"standard","meta":{"footnotes":""},"categories":[1359],"tags":[58,59,1011,27,973],"class_list":{"0":"post-660421","1":"post","2":"type-post","3":"status-publish","4":"format-standard","5":"has-post-thumbnail","7":"category-people","8":"tag-divertissement","9":"tag-entertainment","10":"tag-fr","11":"tag-france","12":"tag-people"},"share_on_mastodon":{"url":"https:\/\/pubeurope.com\/@fr\/115887370646767436","error":""},"_links":{"self":[{"href":"https:\/\/www.europesays.com\/fr\/wp-json\/wp\/v2\/posts\/660421","targetHints":{"allow":["GET"]}}],"collection":[{"href":"https:\/\/www.europesays.com\/fr\/wp-json\/wp\/v2\/posts"}],"about":[{"href":"https:\/\/www.europesays.com\/fr\/wp-json\/wp\/v2\/types\/post"}],"author":[{"embeddable":true,"href":"https:\/\/www.europesays.com\/fr\/wp-json\/wp\/v2\/users\/2"}],"replies":[{"embeddable":true,"href":"https:\/\/www.europesays.com\/fr\/wp-json\/wp\/v2\/comments?post=660421"}],"version-history":[{"count":0,"href":"https:\/\/www.europesays.com\/fr\/wp-json\/wp\/v2\/posts\/660421\/revisions"}],"wp:featuredmedia":[{"embeddable":true,"href":"https:\/\/www.europesays.com\/fr\/wp-json\/wp\/v2\/media\/660422"}],"wp:attachment":[{"href":"https:\/\/www.europesays.com\/fr\/wp-json\/wp\/v2\/media?parent=660421"}],"wp:term":[{"taxonomy":"category","embeddable":true,"href":"https:\/\/www.europesays.com\/fr\/wp-json\/wp\/v2\/categories?post=660421"},{"taxonomy":"post_tag","embeddable":true,"href":"https:\/\/www.europesays.com\/fr\/wp-json\/wp\/v2\/tags?post=660421"}],"curies":[{"name":"wp","href":"https:\/\/api.w.org\/{rel}","templated":true}]}}