{"id":660423,"date":"2026-01-13T10:41:47","date_gmt":"2026-01-13T10:41:47","guid":{"rendered":"https:\/\/www.europesays.com\/fr\/660423\/"},"modified":"2026-01-13T10:41:47","modified_gmt":"2026-01-13T10:41:47","slug":"la-semaine-decoration-et-design-275","status":"publish","type":"post","link":"https:\/\/www.europesays.com\/fr\/660423\/","title":{"rendered":"La semaine d\u00e9coration et design #275"},"content":{"rendered":"<p>La semaine d\u00e9coration et design vous propose de d\u00e9couvrir des reportages int\u00e9ressants pour tous les amoureux de la <a href=\"https:\/\/planete-deco.fr\/2023\/09\/08\/une-maison-flottante-design-a-la-decoration-japandi\/\" target=\"_blank\" rel=\"noopener\">d\u00e9coration<\/a> contemporaine (ou pas). Tous les styles peuvent y apparaitre, du plus classique au plus novateur. Les architectures int\u00e9ressantes, les nouveaux produits et expositions vous seront pr\u00e9sent\u00e9s parfois. C\u2019est une rubrique fourre-tout pour tout ce qui a retenu notre attention et que nous avons envie de mettre en avant et de vous faire d\u00e9couvrir.<\/p>\n<p>N\u2019h\u00e9sitez pas \u00e0 cliquer sur les liens en orange qui vous emm\u00e8neront directement sur les articles d\u2019origine ou sur les sites qui m\u00e9ritent quelques instants d\u2019attention. Nous esp\u00e9rons que la rubrique \u201cLa semaine d\u00e9coration et design\u201d vous plaira autant qu\u2019il nous a plu de vous montrer toutes ces nouveaut\u00e9s !<\/p>\n<p>Decoration and design week #275<br \/>The decoration and design week offers you interesting reports for all lovers of contemporary decoration (or not). All styles can appear, from the most classic to the most innovative. Interesting architectures, new products and exhibitions will be presented to you sometimes. This is a catch-all section for everything that has caught our attention and that we want to put forward and let you discover.<\/p>\n<p>Please feel free to click on the orange links which will take you directly to the original articles or to sites that deserve some attention. We hope that you will enjoy the \u201cDecoration and design week\u201d section as much as we enjoyed showing you all these news!<\/p>\n<p><a href=\"https:\/\/www.admagazine.fr\/article\/maison-architecte-inspiree-jour-pluie-ideal\" target=\"_blank\" rel=\"noopener\">Une maison en bois con\u00e7ue par un architecte<\/a><\/p>\n<p>A wooden house designed by an architect<\/p>\n<p><a href=\"https:\/\/planete-deco.fr\/wp-content\/uploads\/2026\/01\/SD2.webp\" target=\"_blank\" rel=\"noopener\"><img decoding=\"async\" loading=\"lazy\" class=\"alignnone wp-image-484253 size-full\" src=\"https:\/\/www.europesays.com\/fr\/wp-content\/uploads\/2026\/01\/SD2-1536x960.webp.webp\" alt=\"salon maison en bois d\u00e9coration contemporaine et rustique chic\" width=\"1536\" height=\"960\"  \/><a class=\"pin-btn\" data-pin-custom=\"true\" href=\"https:\/\/pinterest.com\/pin\/create\/button\/?url=https:\/\/planete-deco.fr\/2026\/01\/11\/la-semaine-decoration-et-design-275\/&amp;media=https:\/\/planete-deco.fr\/wp-content\/uploads\/2026\/01\/SD2.webp&amp;description=La semaine d\u00e9coration et design vous propose de d\u00e9couvrir des reportages int\u00e9ressants pour tous les amoureux de la d\u00e9coration contemporaine (ou pas). Tous les styles peuvent y apparaitre, du plus classique\u2026\" target=\"_blank\" title=\"Share on Pinterest\" rel=\"noopener\"><img decoding=\"async\" src=\"https:\/\/www.europesays.com\/fr\/wp-content\/uploads\/2025\/05\/share_pinterest.png\" alt=\"Share on Pinterest\"\/><\/a><br \/>\n<\/a><\/p>\n<p><a href=\"https:\/\/www.houseandgarden.co.uk\/gallery\/palmer-stone-london-townhouse\" target=\"_blank\" rel=\"noopener\">Une maison de ville r\u00e9nov\u00e9e \u00e0 Londres<\/a><\/p>\n<p>A renovated townhouse in London<\/p>\n<p><a href=\"https:\/\/planete-deco.fr\/wp-content\/uploads\/2026\/01\/SD1-1.webp\" target=\"_blank\" rel=\"noopener\"><img decoding=\"async\" loading=\"lazy\" class=\"alignnone wp-image-484252 size-full\" src=\"https:\/\/www.europesays.com\/fr\/wp-content\/uploads\/2026\/01\/SD1-1-1536x2048.webp.webp\" alt=\"entr\u00e9e maison de ville Londres d\u00e9coration contemporaine\" width=\"1536\" height=\"2048\"  \/><a class=\"pin-btn\" data-pin-custom=\"true\" href=\"https:\/\/pinterest.com\/pin\/create\/button\/?url=https:\/\/planete-deco.fr\/2026\/01\/11\/la-semaine-decoration-et-design-275\/&amp;media=https:\/\/planete-deco.fr\/wp-content\/uploads\/2026\/01\/SD1-1.webp&amp;description=La semaine d\u00e9coration et design vous propose de d\u00e9couvrir des reportages int\u00e9ressants pour tous les amoureux de la d\u00e9coration contemporaine (ou pas). Tous les styles peuvent y apparaitre, du plus classique\u2026\" target=\"_blank\" title=\"Share on Pinterest\" rel=\"noopener\"><img decoding=\"async\" src=\"https:\/\/www.europesays.com\/fr\/wp-content\/uploads\/2025\/05\/share_pinterest.png\" alt=\"Share on Pinterest\"\/><\/a><br \/>\n<\/a><\/p>\n<p><a href=\"https:\/\/www.cotemaison.fr\/maison-reve\/loft-appartement\/renovation-ambitieuse-un-vent-de-fraicheur-souffle-sur-cet-appartement-traversant-17734\" target=\"_blank\" rel=\"noopener\">Un appartement repens\u00e9 de 62m2 \u00e0 Paris<\/a><\/p>\n<p>A redesigned 62m2 apartment in Paris<\/p>\n<p><a href=\"https:\/\/www.europesays.com\/fr\/wp-content\/uploads\/2026\/01\/SD3-1.jpeg\"><img decoding=\"async\" loading=\"lazy\" class=\"alignnone wp-image-484254 size-full\" src=\"https:\/\/www.europesays.com\/fr\/wp-content\/uploads\/2026\/01\/SD3-1.jpeg\" alt=\"salon d\u00e9coration contemporaine appartement 62m2 Paris\" width=\"1240\" height=\"1850\"  \/><a class=\"pin-btn\" data-pin-custom=\"true\" href=\"https:\/\/pinterest.com\/pin\/create\/button\/?url=https:\/\/planete-deco.fr\/2026\/01\/11\/la-semaine-decoration-et-design-275\/&amp;media=https:\/\/www.europesays.com\/fr\/wp-content\/uploads\/2026\/01\/SD3-1.jpeg&amp;description=La semaine d\u00e9coration et design vous propose de d\u00e9couvrir des reportages int\u00e9ressants pour tous les amoureux de la d\u00e9coration contemporaine (ou pas). Tous les styles peuvent y apparaitre, du plus classique\u2026\" target=\"_blank\" title=\"Share on Pinterest\"><img decoding=\"async\" src=\"https:\/\/www.europesays.com\/fr\/wp-content\/uploads\/2025\/05\/share_pinterest.png\" alt=\"Share on Pinterest\"\/><\/a><br \/>\n<\/a><\/p>\n<p><a href=\"https:\/\/www.countryliving.com\/home-design\/decorating-ideas\/a69793337\/english-inspired-historic-kitchen-renovation\/\" target=\"_blank\" rel=\"noopener\">Une cuisine de campagne dans une maison ancienne<\/a><\/p>\n<p>A country kitchen in an old house<\/p>\n<p><a href=\"https:\/\/www.europesays.com\/fr\/wp-content\/uploads\/2026\/01\/SD4.jpeg\"><img decoding=\"async\" loading=\"lazy\" class=\"alignnone wp-image-484255 size-full\" src=\"https:\/\/www.europesays.com\/fr\/wp-content\/uploads\/2026\/01\/SD4.jpeg\" alt=\"cuisine rustique verte dans maison ancienne\" width=\"980\" height=\"1227\"  \/><a class=\"pin-btn\" data-pin-custom=\"true\" href=\"https:\/\/pinterest.com\/pin\/create\/button\/?url=https:\/\/planete-deco.fr\/2026\/01\/11\/la-semaine-decoration-et-design-275\/&amp;media=https:\/\/www.europesays.com\/fr\/wp-content\/uploads\/2026\/01\/SD4.jpeg&amp;description=La semaine d\u00e9coration et design vous propose de d\u00e9couvrir des reportages int\u00e9ressants pour tous les amoureux de la d\u00e9coration contemporaine (ou pas). Tous les styles peuvent y apparaitre, du plus classique\u2026\" target=\"_blank\" title=\"Share on Pinterest\"><img decoding=\"async\" src=\"https:\/\/www.europesays.com\/fr\/wp-content\/uploads\/2025\/05\/share_pinterest.png\" alt=\"Share on Pinterest\"\/><\/a><br \/>\n<\/a><\/p>\n<p><a href=\"https:\/\/design-milk.com\/color-meets-character-in-this-retro-inspired-krakow-apartment\/\" target=\"_blank\" rel=\"noopener\">Un appartement restructur\u00e9 en Pologne<\/a><\/p>\n<p>A renovated apartment in Poland<\/p>\n<p><a href=\"https:\/\/www.europesays.com\/fr\/wp-content\/uploads\/2026\/01\/SD5.jpg\"><img decoding=\"async\" loading=\"lazy\" class=\"alignnone wp-image-484256 size-full\" src=\"https:\/\/www.europesays.com\/fr\/wp-content\/uploads\/2026\/01\/SD5.jpg\" alt=\"salon salle \u00e0 manger et cuisine d\u00e9coration contemporaine appartement r\u00e9nov\u00e9\" width=\"1280\" height=\"854\"  \/><a class=\"pin-btn\" data-pin-custom=\"true\" href=\"https:\/\/pinterest.com\/pin\/create\/button\/?url=https:\/\/planete-deco.fr\/2026\/01\/11\/la-semaine-decoration-et-design-275\/&amp;media=https:\/\/www.europesays.com\/fr\/wp-content\/uploads\/2026\/01\/SD5.jpg&amp;description=La semaine d\u00e9coration et design vous propose de d\u00e9couvrir des reportages int\u00e9ressants pour tous les amoureux de la d\u00e9coration contemporaine (ou pas). Tous les styles peuvent y apparaitre, du plus classique\u2026\" target=\"_blank\" title=\"Share on Pinterest\"><img decoding=\"async\" src=\"https:\/\/www.europesays.com\/fr\/wp-content\/uploads\/2025\/05\/share_pinterest.png\" alt=\"Share on Pinterest\"\/><\/a><br \/>\n<\/a><\/p>\n<p><a href=\"https:\/\/www.cotemaison.fr\/maison-reve\/maison-famille\/une-maison-ouvriere-dont-personne-ne-voulait-muee-en-cocon-familial-15221\" target=\"_blank\" rel=\"noopener\">Une maison de ville pr\u00e8s de Paris<\/a><\/p>\n<p>A townhouse near Paris<\/p>\n<p><a href=\"https:\/\/www.europesays.com\/fr\/wp-content\/uploads\/2026\/01\/SD6.jpeg\"><img decoding=\"async\" loading=\"lazy\" class=\"alignnone wp-image-484257 size-full\" src=\"https:\/\/www.europesays.com\/fr\/wp-content\/uploads\/2026\/01\/SD6.jpeg\" alt=\"salon mur bleu d\u00e9coration contemporaine maison de ville pr\u00e8s de Paris\" width=\"1240\" height=\"1844\"  \/><a class=\"pin-btn\" data-pin-custom=\"true\" href=\"https:\/\/pinterest.com\/pin\/create\/button\/?url=https:\/\/planete-deco.fr\/2026\/01\/11\/la-semaine-decoration-et-design-275\/&amp;media=https:\/\/www.europesays.com\/fr\/wp-content\/uploads\/2026\/01\/SD6.jpeg&amp;description=La semaine d\u00e9coration et design vous propose de d\u00e9couvrir des reportages int\u00e9ressants pour tous les amoureux de la d\u00e9coration contemporaine (ou pas). Tous les styles peuvent y apparaitre, du plus classique\u2026\" target=\"_blank\" title=\"Share on Pinterest\"><img decoding=\"async\" src=\"https:\/\/www.europesays.com\/fr\/wp-content\/uploads\/2025\/05\/share_pinterest.png\" alt=\"Share on Pinterest\"\/><\/a><br \/>\n<\/a><\/p>\n<p><a href=\"https:\/\/www.nuevoestilo.es\/casas\/a69817768\/atico-estilo-contemporaneo-cocina-cerramiento-cristal-madera\/\" target=\"_blank\" rel=\"noopener\">Une maison sur plusieurs niveaux \u00e0 Barcelone<\/a><\/p>\n<p>A multi-level house in Barcelona<\/p>\n<p><a href=\"https:\/\/www.europesays.com\/fr\/wp-content\/uploads\/2026\/01\/SD7-1.jpeg\"><img decoding=\"async\" loading=\"lazy\" class=\"alignnone wp-image-484258 size-full\" src=\"https:\/\/www.europesays.com\/fr\/wp-content\/uploads\/2026\/01\/SD7-1.jpeg\" alt=\"salon avec porte verri\u00e8re bois d\u00e9coration contemporaine\" width=\"980\" height=\"1470\"  \/><a class=\"pin-btn\" data-pin-custom=\"true\" href=\"https:\/\/pinterest.com\/pin\/create\/button\/?url=https:\/\/planete-deco.fr\/2026\/01\/11\/la-semaine-decoration-et-design-275\/&amp;media=https:\/\/www.europesays.com\/fr\/wp-content\/uploads\/2026\/01\/SD7-1.jpeg&amp;description=La semaine d\u00e9coration et design vous propose de d\u00e9couvrir des reportages int\u00e9ressants pour tous les amoureux de la d\u00e9coration contemporaine (ou pas). Tous les styles peuvent y apparaitre, du plus classique\u2026\" target=\"_blank\" title=\"Share on Pinterest\"><img decoding=\"async\" src=\"https:\/\/www.europesays.com\/fr\/wp-content\/uploads\/2025\/05\/share_pinterest.png\" alt=\"Share on Pinterest\"\/><\/a><br \/>\n<\/a><\/p>\n<p><a href=\"https:\/\/www.arquitecturaydiseno.es\/casas\/reforma-esta-masia-centenaria-barcelona-que-ha-recuperado-su-vidriera-original_12864\" target=\"_blank\" rel=\"noopener\">Une maison ancienne r\u00e9nov\u00e9e en Espagne<\/a><\/p>\n<p>A renovated old house in Spain<\/p>\n<p><a href=\"https:\/\/planete-deco.fr\/wp-content\/uploads\/2026\/01\/SD8.webp\" target=\"_blank\" rel=\"noopener\"><img decoding=\"async\" loading=\"lazy\" class=\"alignnone wp-image-484259 size-full\" src=\"https:\/\/www.europesays.com\/fr\/wp-content\/uploads\/2026\/01\/SD8-1374x1536.webp.webp\" alt=\"salle \u00e0 manger d\u00e9coration contemporaine avec vitraux\" width=\"1374\" height=\"1536\"  \/><a class=\"pin-btn\" data-pin-custom=\"true\" href=\"https:\/\/pinterest.com\/pin\/create\/button\/?url=https:\/\/planete-deco.fr\/2026\/01\/11\/la-semaine-decoration-et-design-275\/&amp;media=https:\/\/planete-deco.fr\/wp-content\/uploads\/2026\/01\/SD8.webp&amp;description=La semaine d\u00e9coration et design vous propose de d\u00e9couvrir des reportages int\u00e9ressants pour tous les amoureux de la d\u00e9coration contemporaine (ou pas). Tous les styles peuvent y apparaitre, du plus classique\u2026\" target=\"_blank\" title=\"Share on Pinterest\" rel=\"noopener\"><img decoding=\"async\" src=\"https:\/\/www.europesays.com\/fr\/wp-content\/uploads\/2025\/05\/share_pinterest.png\" alt=\"Share on Pinterest\"\/><\/a><br \/>\n<\/a><\/p>\n<p><a href=\"https:\/\/www.vtwonen.nl\/binnenkijken\/binnenkijken-in-villa-aan-de-maas~a8457e8\" target=\"_blank\" rel=\"noopener\">Une maison brutaliste au charme vintage en Belgique<\/a><\/p>\n<p>A brutalist house with vintage charm in Belgium<\/p>\n<p><a href=\"https:\/\/www.europesays.com\/fr\/wp-content\/uploads\/2026\/01\/SD9.jpeg\"><img decoding=\"async\" loading=\"lazy\" class=\"alignnone wp-image-484260 size-full\" src=\"https:\/\/www.europesays.com\/fr\/wp-content\/uploads\/2026\/01\/SD9.jpeg\" alt=\"salon d\u00e9coration contemporaine maison brutaliste Belgique\" width=\"1260\" height=\"800\"  \/><a class=\"pin-btn\" data-pin-custom=\"true\" href=\"https:\/\/pinterest.com\/pin\/create\/button\/?url=https:\/\/planete-deco.fr\/2026\/01\/11\/la-semaine-decoration-et-design-275\/&amp;media=https:\/\/www.europesays.com\/fr\/wp-content\/uploads\/2026\/01\/SD9.jpeg&amp;description=La semaine d\u00e9coration et design vous propose de d\u00e9couvrir des reportages int\u00e9ressants pour tous les amoureux de la d\u00e9coration contemporaine (ou pas). Tous les styles peuvent y apparaitre, du plus classique\u2026\" target=\"_blank\" title=\"Share on Pinterest\"><img decoding=\"async\" src=\"https:\/\/www.europesays.com\/fr\/wp-content\/uploads\/2025\/05\/share_pinterest.png\" alt=\"Share on Pinterest\"\/><\/a><br \/>\n<\/a><\/p>\n<p><a href=\"https:\/\/www.archilovers.com\/projects\/336196\/kf1-mini-apartment-charlottenburg.html\" target=\"_blank\" rel=\"noopener\">Un studio am\u00e9nag\u00e9 en style design \u00e0 Berlin<\/a><\/p>\n<p>A studio apartment furnished in a designer style in Berlin<\/p>\n<p><a href=\"https:\/\/planete-deco.fr\/wp-content\/uploads\/2026\/01\/SD10-1.jpg\" target=\"_blank\" rel=\"noopener\"><img decoding=\"async\" loading=\"lazy\" class=\"alignnone wp-image-484261 size-full\" src=\"https:\/\/www.europesays.com\/fr\/wp-content\/uploads\/2026\/01\/SD10-1-1536x1024.jpg\" alt=\"salle \u00e0 manger et espace chambre avec verri\u00e8re studio d\u00e9coration design Berlin\" width=\"1536\" height=\"1024\"  \/><a class=\"pin-btn\" data-pin-custom=\"true\" href=\"https:\/\/pinterest.com\/pin\/create\/button\/?url=https:\/\/planete-deco.fr\/2026\/01\/11\/la-semaine-decoration-et-design-275\/&amp;media=https:\/\/planete-deco.fr\/wp-content\/uploads\/2026\/01\/SD10-1.jpg&amp;description=La semaine d\u00e9coration et design vous propose de d\u00e9couvrir des reportages int\u00e9ressants pour tous les amoureux de la d\u00e9coration contemporaine (ou pas). Tous les styles peuvent y apparaitre, du plus classique\u2026\" target=\"_blank\" title=\"Share on Pinterest\" rel=\"noopener\"><img decoding=\"async\" src=\"https:\/\/www.europesays.com\/fr\/wp-content\/uploads\/2025\/05\/share_pinterest.png\" alt=\"Share on Pinterest\"\/><\/a><br \/>\n<\/a><\/p>\n<p>Shop the look !<br \/><a class=\"shopify\" href=\"https:\/\/shop.planete-deco.fr\/products\/beliani-canape-fixe-3-places-revetu-en-velours-vert-de-qualite-un-design-tendance-ideal-pour-salon-vintage-retro-et-glamour\" target=\"_blank\" rel=\"noopener\"><img decoding=\"async\" loading=\"lazy\" class=\"shopify alignnone\" src=\"https:\/\/www.europesays.com\/fr\/wp-content\/uploads\/2026\/01\/71hU1SADyfL_720x.jpg\" alt=\"Beliani Canap\u00e9 Fixe 3 Places Rev\u00eatu en Velours Vert de Qualit\u00e9 Un Design Tendance Id\u00e9al pour Salon Vintage R\u00e9tro et Glamour\" width=\"720\" height=\"720\" \/><\/a><a class=\"shopify\" href=\"https:\/\/shop.planete-deco.fr\/products\/wnrll-moderne-rocking-chair-avec-haut-dossier-rembourre-chaise-coulissante-glider-chaise-pour-salon-chambre-arriere-cour-balcon-2\" target=\"_blank\" rel=\"noopener\"><img decoding=\"async\" loading=\"lazy\" class=\"shopify alignnone\" src=\"https:\/\/www.europesays.com\/fr\/wp-content\/uploads\/2026\/01\/7114gO_BM7L_720x.jpg\" alt=\"WNRLL Moderne Rocking Chair avec Haut Dossier, Rembourr\u00e9 Chaise Coulissante, Glider Chaise pour Salon\/Chambre\/Arri\u00e8re-Cour\/Balcon,2\" width=\"720\" height=\"720\" \/><\/a><a class=\"shopify\" href=\"https:\/\/shop.planete-deco.fr\/products\/intense-deco-fauteuil-gustave-style-louis-xv-tissu-beige\" target=\"_blank\" rel=\"noopener\"><img decoding=\"async\" loading=\"lazy\" class=\"shopify alignnone\" src=\"https:\/\/www.europesays.com\/fr\/wp-content\/uploads\/2026\/01\/41YkwEn574L_720x.jpg\" alt=\"INTENSE DECO Fauteuil Gustave Style Louis XV Tissu Beige\" width=\"500\" height=\"500\" \/><\/a><a class=\"shopify\" href=\"https:\/\/shop.planete-deco.fr\/products\/pouf-artisanal-marocain-en-cuir-veritable-fait-main-vendu-rembourre-coussin-de-sol-ottoman-repose-pied-cognac\" target=\"_blank\" rel=\"noopener\"><img decoding=\"async\" loading=\"lazy\" class=\"shopify alignnone\" src=\"https:\/\/www.europesays.com\/fr\/wp-content\/uploads\/2026\/01\/810y8gDSZPL_720x.jpg\" alt=\"Pouf Artisanal Marocain en Cuir V\u00e9ritable Fait Main - Vendu Rembourr\u00e9 - Coussin de Sol, Ottoman, Repose-Pied (Cognac)\" width=\"720\" height=\"1107\" \/><\/a><br \/>Livres<br \/><a class=\"shopify\" href=\"https:\/\/shop.planete-deco.fr\/products\/maisons-en-ville\" target=\"_blank\" rel=\"noopener\"><img decoding=\"async\" loading=\"lazy\" class=\"shopify alignnone\" src=\"https:\/\/www.europesays.com\/fr\/wp-content\/uploads\/2026\/01\/61KuQz298WL_720x.jpg\" alt=\"Maisons en ville\" width=\"720\" height=\"829\" \/><\/a><a class=\"shopify\" href=\"https:\/\/shop.planete-deco.fr\/products\/chez-les-parisiens-dans-les-appartements-et-les-bureaux-les-plus-creatifs-de-paris-1\" target=\"_blank\" rel=\"noopener\"><img decoding=\"async\" loading=\"lazy\" class=\"shopify alignnone\" src=\"https:\/\/www.europesays.com\/fr\/wp-content\/uploads\/2026\/01\/51KmrTelXfL_720x.jpg\" alt=\"Chez les Parisiens : Dans les appartements et les bureaux les plus cr\u00e9atifs de Paris\" width=\"375\" height=\"500\" \/><\/a><a class=\"shopify\" href=\"https:\/\/shop.planete-deco.fr\/products\/never-too-small-reinventing-small-space-living\" target=\"_blank\" rel=\"noopener\"><img decoding=\"async\" loading=\"lazy\" class=\"shopify alignnone\" src=\"https:\/\/www.europesays.com\/fr\/wp-content\/uploads\/2026\/01\/51mEtJZxPqL_720x.jpg\" alt=\"Never Too Small: Reinventing Small Space Living\" width=\"422\" height=\"500\" \/><\/a><a class=\"shopify\" href=\"https:\/\/shop.planete-deco.fr\/products\/optimiser-lespace\" target=\"_blank\" rel=\"noopener\"><img decoding=\"async\" loading=\"lazy\" class=\"shopify alignnone\" src=\"https:\/\/www.europesays.com\/fr\/wp-content\/uploads\/2025\/12\/81UYjlewN1L_720x.jpg\" alt=\"Optimiser l'espace\" width=\"720\" height=\"867\" \/><\/a><\/p>\n","protected":false},"excerpt":{"rendered":"La semaine d\u00e9coration et design vous propose de d\u00e9couvrir des reportages int\u00e9ressants pour tous les amoureux de la&hellip;\n","protected":false},"author":2,"featured_media":660424,"comment_status":"","ping_status":"","sticky":false,"template":"","format":"standard","meta":{"footnotes":""},"categories":[1358],"tags":[1348,1384,1385,1386,58,59,1011,27],"class_list":{"0":"post-660423","1":"post","2":"type-post","3":"status-publish","4":"format-standard","5":"has-post-thumbnail","7":"category-arts-et-design","8":"tag-arts","9":"tag-arts-and-design","10":"tag-arts-et-design","11":"tag-design","12":"tag-divertissement","13":"tag-entertainment","14":"tag-fr","15":"tag-france"},"share_on_mastodon":{"url":"https:\/\/pubeurope.com\/@fr\/115887378457717750","error":""},"_links":{"self":[{"href":"https:\/\/www.europesays.com\/fr\/wp-json\/wp\/v2\/posts\/660423","targetHints":{"allow":["GET"]}}],"collection":[{"href":"https:\/\/www.europesays.com\/fr\/wp-json\/wp\/v2\/posts"}],"about":[{"href":"https:\/\/www.europesays.com\/fr\/wp-json\/wp\/v2\/types\/post"}],"author":[{"embeddable":true,"href":"https:\/\/www.europesays.com\/fr\/wp-json\/wp\/v2\/users\/2"}],"replies":[{"embeddable":true,"href":"https:\/\/www.europesays.com\/fr\/wp-json\/wp\/v2\/comments?post=660423"}],"version-history":[{"count":0,"href":"https:\/\/www.europesays.com\/fr\/wp-json\/wp\/v2\/posts\/660423\/revisions"}],"wp:featuredmedia":[{"embeddable":true,"href":"https:\/\/www.europesays.com\/fr\/wp-json\/wp\/v2\/media\/660424"}],"wp:attachment":[{"href":"https:\/\/www.europesays.com\/fr\/wp-json\/wp\/v2\/media?parent=660423"}],"wp:term":[{"taxonomy":"category","embeddable":true,"href":"https:\/\/www.europesays.com\/fr\/wp-json\/wp\/v2\/categories?post=660423"},{"taxonomy":"post_tag","embeddable":true,"href":"https:\/\/www.europesays.com\/fr\/wp-json\/wp\/v2\/tags?post=660423"}],"curies":[{"name":"wp","href":"https:\/\/api.w.org\/{rel}","templated":true}]}}