{"id":660425,"date":"2026-01-13T10:43:30","date_gmt":"2026-01-13T10:43:30","guid":{"rendered":"https:\/\/www.europesays.com\/fr\/660425\/"},"modified":"2026-01-13T10:43:30","modified_gmt":"2026-01-13T10:43:30","slug":"audiences-tv-peu-vu-au-cinema-la-ou-chantent-les-ecrevisses-cartonne-sur-tf1","status":"publish","type":"post","link":"https:\/\/www.europesays.com\/fr\/660425\/","title":{"rendered":"Audiences TV\u00a0: peu vu au cin\u00e9ma, \u00ab\u00a0L\u00e0 o\u00f9 chantent les \u00e9crevisses\u00a0\u00bb cartonne sur TF1"},"content":{"rendered":"<p class=\"paragraph text_align_left lp-f-body-02\">Les t\u00e9l\u00e9spectateurs fran\u00e7ais avaient le choix entre deux films in\u00e9dits en clair sur les deux premi\u00e8res cha\u00eenes ce dimanche 11 janvier. Et c\u2019est TF 1 qui est sorti gagnant de ce match gr\u00e2ce \u00e0 <a href=\"https:\/\/www.leparisien.fr\/culture-loisirs\/cinema\/la-ou-chantent-les-ecrevisses-un-peu-trop-lisse-17-08-2022-H2TES6RR5BHJPAXL5DXT4S5XGM.php?ts=1768206106926\" target=\"_blank\" rel=\"noreferrer noopener\">\u00ab L\u00e0 o\u00f9 chantent les \u00e9crevisses \u00bb<\/a>, avec Daisy Edgar-Jones en t\u00eate d\u2019affiche. Ce thriller am\u00e9ricain a fait vibrer 3,27 millions de cin\u00e9philes, soit 19,9 % du public devant la t\u00e9l\u00e9vision, selon M\u00e9diam\u00e9trie. C\u2019est davantage que la rediffusion de <a href=\"https:\/\/www.leparisien.fr\/culture-loisirs\/tv\/audiences-tv-the-tomorrow-war-en-tete-sur-tf-1-devant-un-homme-presse-sur-france-2-22-01-2024-V6WVVRMX2JEKJORT6FB2GERPQU.php\" target=\"_blank\" rel=\"noreferrer noopener\">\u00ab The Tomorrow War \u00bb la semaine derni\u00e8re<\/a> (2,92 millions, 17,6 % de part d\u2019audience). Quand il est sorti au cin\u00e9ma, \u00e0 la fin de l\u2019\u00e9t\u00e9 2022, le long-m\u00e9trage adapt\u00e9 du roman de Delia Owens, avait attir\u00e9 un peu plus de 230 000 spectateurs en France.<\/p>\n<p class=\"\">France 2 et France 3 sont au coude-\u00e0-coude pour la deuxi\u00e8me place. En nombre de t\u00e9l\u00e9spectateurs, la Trois s\u2019impose d\u2019un cheveu gr\u00e2ce \u00e0 2,45 millions d\u2019amateurs de polars devant L\u2019intrigue in\u00e9dite \u00ab La reine du crime pr\u00e9sente : meurtre \u00e0 l\u2019ambassade \u00bb (13 % de PDA). La fiction britannique se place ainsi \u00e0 un niveau sup\u00e9rieur \u00e0 celui des volets de la s\u00e9rie italienne \u00ab Dolomites : pi\u00e9g\u00e9s aux sommets \u00bb diffus\u00e9s le 4 janvier (1,59 et 1,38 million pour 8,1 % et 8,2 % de PDA). Le dernier \u00e9pisode de \u00ab La reine du crime pr\u00e9sente \u00bb, diffus\u00e9 le 2 juin 2024, avait \u00e9t\u00e9 regard\u00e9 par 2,54 millions d\u2019individus (12,9 % de PDA).<\/p>\n<p>M6 au pied du podium<\/p>\n<p class=\"\">France 2 est donc juste derri\u00e8re avec le film in\u00e9dit en clair <a href=\"https:\/\/www.leparisien.fr\/culture-loisirs\/cinema\/sage-homme-une-comedie-formidable-jugee-tres-realiste-par-des-hommes-sages-femmes-14-03-2023-HKSDCWWFMRAVBOK2N6P2TGRMTY.php\" target=\"_blank\" rel=\"noreferrer noopener\">\u00ab Sage-homme \u00bb. <\/a>Port\u00e9 par <a href=\"https:\/\/www.leparisien.fr\/culture-loisirs\/series\/le-monde-de-demain-sur-arte-qui-est-melvin-boomer-linterprete-de-joeystarr-19-10-2022-6EZLN6V72FEIDGVJJ7NVX5LTAA.php\" target=\"_blank\" rel=\"noreferrer noopener\">Melvin Boomer <\/a>et Karin Viard, le long-m\u00e9trage a attir\u00e9 2,40 millions de personnes (13,3 % de PDA, ce qui est sup\u00e9rieur \u00e0 la part d\u2019audience de France 3 en raison de la dur\u00e9e plus longue du programme). Un score qui est bien en de\u00e7\u00e0 de celui des \u00ab Tontons flingueurs \u00bb la semaine pr\u00e9c\u00e9dente (3,65 millions, 19,7 % de part d\u2019audience). Lors de sa sortie en salles, au printemps 2023, \u00ab Sage-homme \u00bb avait engrang\u00e9 plus de 614 000 entr\u00e9es.<\/p>\n<p class=\"\">M 6 au pied du podium avec un nouveau num\u00e9ro de \u00ab Zone interdite \u00bb. Le magazine incarn\u00e9 par Oph\u00e9lie Meunier a rassembl\u00e9 1,02 million de curieux (5,9 % de PDA). Un r\u00e9sultat tr\u00e8s faible et en baisse par rapport \u00e0 la derni\u00e8re \u00e9mission, du 28 d\u00e9cembre 2025 (1,36 million, 8 % de PDA).<\/p>\n<p class=\"\">Du c\u00f4t\u00e9 des autres cha\u00eenes, France 5 obtient le meilleur score gr\u00e2ce \u00e0 797 000 t\u00e9l\u00e9spectateurs devant son documentaire \u00ab les Gens du Nord \u00bb, soit 4,3 % du public.<\/p>\n","protected":false},"excerpt":{"rendered":"Les t\u00e9l\u00e9spectateurs fran\u00e7ais avaient le choix entre deux films in\u00e9dits en clair sur les deux premi\u00e8res cha\u00eenes ce&hellip;\n","protected":false},"author":2,"featured_media":660426,"comment_status":"","ping_status":"","sticky":false,"template":"","format":"standard","meta":{"footnotes":""},"categories":[1356],"tags":[872,58,59,1011,27,252,2205,1364],"class_list":{"0":"post-660425","1":"post","2":"type-post","3":"status-publish","4":"format-standard","5":"has-post-thumbnail","7":"category-television","8":"tag-culture-et-loisirs","9":"tag-divertissement","10":"tag-entertainment","11":"tag-fr","12":"tag-france","13":"tag-television","14":"tag-television-medias","15":"tag-tv"},"share_on_mastodon":{"url":"https:\/\/pubeurope.com\/@fr\/115887381277970461","error":""},"_links":{"self":[{"href":"https:\/\/www.europesays.com\/fr\/wp-json\/wp\/v2\/posts\/660425","targetHints":{"allow":["GET"]}}],"collection":[{"href":"https:\/\/www.europesays.com\/fr\/wp-json\/wp\/v2\/posts"}],"about":[{"href":"https:\/\/www.europesays.com\/fr\/wp-json\/wp\/v2\/types\/post"}],"author":[{"embeddable":true,"href":"https:\/\/www.europesays.com\/fr\/wp-json\/wp\/v2\/users\/2"}],"replies":[{"embeddable":true,"href":"https:\/\/www.europesays.com\/fr\/wp-json\/wp\/v2\/comments?post=660425"}],"version-history":[{"count":0,"href":"https:\/\/www.europesays.com\/fr\/wp-json\/wp\/v2\/posts\/660425\/revisions"}],"wp:featuredmedia":[{"embeddable":true,"href":"https:\/\/www.europesays.com\/fr\/wp-json\/wp\/v2\/media\/660426"}],"wp:attachment":[{"href":"https:\/\/www.europesays.com\/fr\/wp-json\/wp\/v2\/media?parent=660425"}],"wp:term":[{"taxonomy":"category","embeddable":true,"href":"https:\/\/www.europesays.com\/fr\/wp-json\/wp\/v2\/categories?post=660425"},{"taxonomy":"post_tag","embeddable":true,"href":"https:\/\/www.europesays.com\/fr\/wp-json\/wp\/v2\/tags?post=660425"}],"curies":[{"name":"wp","href":"https:\/\/api.w.org\/{rel}","templated":true}]}}