{"id":660427,"date":"2026-01-13T10:44:28","date_gmt":"2026-01-13T10:44:28","guid":{"rendered":"https:\/\/www.europesays.com\/fr\/660427\/"},"modified":"2026-01-13T10:44:28","modified_gmt":"2026-01-13T10:44:28","slug":"p-diddy-en-prison-donald-trump-ecarte-la-demande-de-grace-de-lex-rappeur","status":"publish","type":"post","link":"https:\/\/www.europesays.com\/fr\/660427\/","title":{"rendered":"P. Diddy en prison : Donald Trump \u00e9carte la demande de gr\u00e2ce de l&rsquo;ex-rappeur"},"content":{"rendered":"<ul class=\"jsx-862013697 ArticleChapo__List\">\n<li class=\"jsx-862013697 ArticleChapo__List_Item flex\">Dans une interview au \u00ab\u00a0New York Times\u00a0\u00bb, le pr\u00e9sident am\u00e9ricain a confi\u00e9 que P. Diddy lui avait demand\u00e9 de le gracier.<\/li>\n<li class=\"jsx-862013697 ArticleChapo__List_Item flex\">L&rsquo;ex-magnat du hip-hop purge actuellement une peine de quatre ans et deux mois de prison pour violences sexuelles.<\/li>\n<\/ul>\n<p data-module=\"article-paragraph\" class=\"jsx-157965717 Paragraph\">P. Diddy restera en prison. Le pr\u00e9sident am\u00e9ricain Donald Trump a dit \u00e9carter la demande de gr\u00e2ce pr\u00e9sent\u00e9e par<a href=\"https:\/\/www.tf1info.fr\/culture\/p-diddy-condamne-a-plus-de-4-ans-de-prison-au-terme-de-son-proces-pour-violences-sexuelles-2398487.html\" target=\"_blank\" rel=\"noopener\"> l&rsquo;ex-magnat du hip-hop (nouvelle fen\u00eatre)<\/a> qui purge actuellement une peine de quatre ans et deux mois de prison <a href=\"https:\/\/www.tf1info.fr\/international\/etats-unis-p-diddy-condamne-on-sait-quand-l-ex-rappeur-star-pourra-sortir-de-prison-2403163.html\" target=\"_blank\" rel=\"noopener\">pour violences sexuelles (nouvelle fen\u00eatre)<\/a>, dans un entretien publi\u00e9 jeudi par le <a href=\"https:\/\/www.nytimes.com\/2026\/01\/08\/us\/politics\/sean-combs-pardon.html\" target=\"_blank\" rel=\"noopener\">New York Times (nouvelle fen\u00eatre)<\/a>.<\/p>\n<p data-module=\"article-paragraph\" class=\"jsx-157965717 Paragraph Paragraph__End\">De son vrai nom Sean Combs, le chanteur et homme d&rsquo;affaires a \u00e9t\u00e9 condamn\u00e9 en octobre \u00e0 50 mois de prison pour <a href=\"https:\/\/www.tf1info.fr\/culture\/proces-de-p-diddy-il-a-echappe-a-la-prison-a-vie-le-verdict-choc-en-5-questions-2380757.html\" target=\"_blank\" rel=\"noopener\">transport de personnes \u00e0 des fins de prostitution (nouvelle fen\u00eatre)<\/a>, ainsi qu&rsquo;\u00e0 500\u00a0000\u00a0dollars d&rsquo;amende. Ses avocats ont fait appel de cette peine et de sa condamnation intervenue en juillet, apr\u00e8s deux mois de proc\u00e8s.<\/p>\n<p>Une demande faite \u00ab\u00a0par lettre\u00a0\u00bb<\/p>\n<p data-module=\"article-paragraph\" class=\"jsx-157965717 Paragraph Paragraph__End\">Il \u00ab\u00a0m&rsquo;a demand\u00e9 de le gracier\u00a0\u00bb, a affirm\u00e9 Donald Trump aux journalistes du New York Times qui l&rsquo;interviewaient mercredi, pr\u00e9cisant que cette demande avait \u00e9t\u00e9 faite \u00ab\u00a0par lettre\u00a0\u00bb. Il leur a demand\u00e9 s&rsquo;ils voulaient voir la lettre, mais ne la leur a pas montr\u00e9e, et a dit ne pas envisager d&rsquo;acc\u00e9der \u00e0 cette demande, sans expliquer pourquoi, rapporte le journal.\u00a0<\/p>\n<p data-module=\"article-paragraph\" class=\"jsx-157965717 Paragraph Paragraph__End\">Le 30 mai dernier, lors d\u2019une conf\u00e9rence de presse \u00e0 la Maison-Blanche, le pr\u00e9sident am\u00e9ricain avait \u00e9t\u00e9 interrog\u00e9 <a href=\"https:\/\/www.tf1info.fr\/culture\/donald-trump-pret-a-gracier-p-diddy-l-incroyable-hypothese-2374540.html\" target=\"_blank\" rel=\"noopener\">sur la possibilit\u00e9 de gracier le rappeur-producteur,<\/a> s\u2019il venait \u00e0 \u00eatre condamn\u00e9. \u00ab\u00a0J&rsquo;\u00e9tudierai certainement les faits\u00a0\u00bb, avait-il assur\u00e9. \u00ab\u00a0Je pense que si une personne est maltrait\u00e9e, qu\u2019elle m\u2019aime ou non, \u00e7a ne devrait pas avoir d\u2019impact sur moi.\u00a0\u00bb<\/p>\n<p><a href=\"https:\/\/www.tf1info.fr\/international\/etats-unis-donald-trump-confirme-ne-pas-avoir-besoin-du-droit-international-et-n-etre-limite-que-par-sa-propre-moralite-2417658.html\" rel=\"noopener\" class=\"jsx-3308031228 Link flex\" target=\"_blank\"><img decoding=\"async\" src=\"https:\/\/www.europesays.com\/fr\/wp-content\/uploads\/2026\/01\/donald-trump-6-janvier-2027-36a867-0@1x.jpeg\" alt=\"Donald Trump confirme sa d\u00e9fiance vis-\u00e0-vis du droit international.\" loading=\"lazy\" importance=\"low\" fetchpriority=\"low\" class=\"\" aria-hidden=\"true\"\/><\/p>\n<p class=\"jsx-3657663356 ReadMoreArticle__Title\">Lire aussi<\/p>\n<p class=\"jsx-3657663356\">Trump confirme \u00ab\u00a0ne pas avoir besoin du droit international\u00a0\u00bb et n&rsquo;\u00eatre \u00ab\u00a0limit\u00e9\u00a0\u00bb que par sa \u00ab\u00a0propre moralit\u00e9\u00a0\u00bb<\/p>\n<p><\/a><\/p>\n<p data-module=\"article-paragraph\" class=\"jsx-157965717 Paragraph Paragraph__End\">Les jur\u00e9s d&rsquo;un tribunal f\u00e9d\u00e9ral de New York ont rejet\u00e9 les accusations les plus graves de trafic sexuel et d&rsquo;association de malfaiteurs port\u00e9es contre P.Diddy, lui \u00e9pargnant l&#8217;emprisonnement \u00e0 perp\u00e9tuit\u00e9.<\/p>\n<p>Rania HOBALLAH avec AFP<\/p>\n","protected":false},"excerpt":{"rendered":"Dans une interview au \u00ab\u00a0New York Times\u00a0\u00bb, le pr\u00e9sident am\u00e9ricain a confi\u00e9 que P. Diddy lui avait demand\u00e9&hellip;\n","protected":false},"author":2,"featured_media":660428,"comment_status":"","ping_status":"","sticky":false,"template":"","format":"standard","meta":{"footnotes":""},"categories":[1355],"tags":[1111,11,76224,1921,58,75,59,1011,27,1922,500,2041,1361,873,16997,973,133,2040],"class_list":{"0":"post-660427","1":"post","2":"type-post","3":"status-publish","4":"format-standard","5":"has-post-thumbnail","7":"category-musique","8":"tag-actu","9":"tag-actualites","10":"tag-affaire-p-diddy-le-rappeur-americain-au-coeur-dun-scandale","11":"tag-article-video","12":"tag-divertissement","13":"tag-donald-trump","14":"tag-entertainment","15":"tag-fr","16":"tag-france","17":"tag-info","18":"tag-medias","19":"tag-medias-et-divertissement","20":"tag-music","21":"tag-musique","22":"tag-p-diddy","23":"tag-people","24":"tag-video","25":"tag-video-culture"},"share_on_mastodon":{"url":"https:\/\/pubeurope.com\/@fr\/115887385053875282","error":""},"_links":{"self":[{"href":"https:\/\/www.europesays.com\/fr\/wp-json\/wp\/v2\/posts\/660427","targetHints":{"allow":["GET"]}}],"collection":[{"href":"https:\/\/www.europesays.com\/fr\/wp-json\/wp\/v2\/posts"}],"about":[{"href":"https:\/\/www.europesays.com\/fr\/wp-json\/wp\/v2\/types\/post"}],"author":[{"embeddable":true,"href":"https:\/\/www.europesays.com\/fr\/wp-json\/wp\/v2\/users\/2"}],"replies":[{"embeddable":true,"href":"https:\/\/www.europesays.com\/fr\/wp-json\/wp\/v2\/comments?post=660427"}],"version-history":[{"count":0,"href":"https:\/\/www.europesays.com\/fr\/wp-json\/wp\/v2\/posts\/660427\/revisions"}],"wp:featuredmedia":[{"embeddable":true,"href":"https:\/\/www.europesays.com\/fr\/wp-json\/wp\/v2\/media\/660428"}],"wp:attachment":[{"href":"https:\/\/www.europesays.com\/fr\/wp-json\/wp\/v2\/media?parent=660427"}],"wp:term":[{"taxonomy":"category","embeddable":true,"href":"https:\/\/www.europesays.com\/fr\/wp-json\/wp\/v2\/categories?post=660427"},{"taxonomy":"post_tag","embeddable":true,"href":"https:\/\/www.europesays.com\/fr\/wp-json\/wp\/v2\/tags?post=660427"}],"curies":[{"name":"wp","href":"https:\/\/api.w.org\/{rel}","templated":true}]}}