{"id":660431,"date":"2026-01-13T10:50:17","date_gmt":"2026-01-13T10:50:17","guid":{"rendered":"https:\/\/www.europesays.com\/fr\/660431\/"},"modified":"2026-01-13T10:50:17","modified_gmt":"2026-01-13T10:50:17","slug":"benjamin-andre-touche-a-lepaule-gauche-lors-de-lille-ol-lequipe","status":"publish","type":"post","link":"https:\/\/www.europesays.com\/fr\/660431\/","title":{"rendered":"Benjamin Andr\u00e9 touch\u00e9 \u00e0 l&#039;\u00e9paule gauche lors de Lille-OL &#8211; L&#039;\u00c9quipe"},"content":{"rendered":"<ol>\n<li><a href=\"https:\/\/news.google.com\/rss\/articles\/CBMiqwFBVV95cUxOb1RYeG9VeGtCRExtVElOdURZMERzb1BhYjl3VDhZT2hvQmpsVUZxV3ZQX2dNMUFwei05TkRqdEhXWHJ0LW5TQ1BFVkc5OVBCRERrTTJ2R3h4d0tDODUyUG5uMjNJOGNUeS1CcExXcm95TzFJeG44SXF6ZloxYkpuQkszUXpSb2ZqOEt0M3hTc2tpQWxmRHE0OV9NRzRTeVpKdTZFRy1XZW92Nms?oc=5\" target=\"_blank\" rel=\"noopener\">Benjamin Andr\u00e9 touch\u00e9 \u00e0 l&rsquo;\u00e9paule gauche lors de Lille-OL<\/a>&nbsp;&nbsp;L&rsquo;\u00c9quipe<\/li>\n<li><a href=\"https:\/\/news.google.com\/rss\/articles\/CBMi3AFBVV95cUxPNTF2WWFlSk5lVFk4R1VhcmFRNXBWckVhM3E1a0ZXSlVnQU1IbGRMQkwwV0lnbkk3aDBMVmhRRG1DLW5iMG9BNFlIRzM2dC1SM3loa3hmeVNqY1VibVByMlRWMFFNaUx6NmcyODBrY090Rlg1X3pTUExnX3o5aHNjcXlfUXl6SzZxUmVIeUNvNk9tRS1UYzdYOVRaUGJWVHM4QTZLRTdGOUZ0NHF1YS03bGlpRUQtajhrbWRQNTNlcGR5MUpqcjhONzJNZkFRNUJtSEFFUTFuXzhJVjhL?oc=5\" target=\"_blank\" rel=\"noopener\">Le milieu de terrain de Lille Benjamin Andr\u00e9 sort sur blessure face \u00e0 l&rsquo;OL en Coupe de France<\/a>&nbsp;&nbsp;L&rsquo;\u00c9quipe<\/li>\n<li><a href=\"https:\/\/news.google.com\/rss\/articles\/CBMi1AFBVV95cUxPdXlMVnNacF9tTnlqRWdfR05tSjBjMHI2c2gyNExDMFNLdFBYRjVvZ2tDWmpoc1ZkNmx0TXhZa2lGUmNIUWcyM19GZy1iWFJ3ZTRhelY4OG1pV3FyU3dyTEJkWUJLMXg5TEZxQzBEZERYY25rLTczc0VhWndMYmMxMzNIRUl3UlZLSEkxVDd4QkR0MjNsX2htZnNfbTNzVmNmNTlkZVB5bXFzVldmV3FTam1WRjhGM2dmWW5jR2lDQm1aSE1QZGJsN3VWOE42REFzS1BnYg?oc=5\" target=\"_blank\" rel=\"noopener\">Benjamin Andr\u00e9 touch\u00e9 \u00e0 l&rsquo;\u00e9paule gauche lors de Lille-OL &#8211; Foot &#8211; Coupe de France<\/a>&nbsp;&nbsp;Sports &#8211; Orange<\/li>\n<li><a href=\"https:\/\/news.google.com\/rss\/articles\/CBMizgFBVV95cUxQb1lQc3hmdTRkNUQ3SUZUNEF6bmUzRHJvbVJUZ3pIRjhLRU1oaTZjQ1hETnZ5amwzU2JTeS16V0tCUnVBbW5yV2tSeDcyeExhRUJSUWN6UzZVTDRUUXctVDdoYV9BNnN4bExNcTdQUDBhdzFRT0VKMGpUMDZTcTlqd0x5dHB5YXYwM2dHamdaLVRkOVVhdzYtQ2g2TjZBemRJdmxoN3NlUHZvWWlUSjdlakVkWDRlQXlKN3MteVdoWHVUZVRrTG1mNEtwbW5fQQ?oc=5\" target=\"_blank\" rel=\"noopener\">LOSC : Les premi\u00e8res nouvelles ne sont pas tr\u00e8s bonnes pour Benjamin Andr\u00e9<\/a>&nbsp;&nbsp;MadeinFoot.com<\/li>\n<li><a href=\"https:\/\/news.google.com\/rss\/articles\/CBMixAFBVV95cUxPSlVjdk54a3BkYzJzYUZwTURIb29GM2U3UTBwS2lTYklOSkw2bG5LSUQ0YWZrbVhJeWtLNjlMbjVKZWs4Z1FxcWktMkRmWlhraEcwMFpHSG5uRVlQdk1LSWVzdGVQTjB2QUlZV3B0a29mUkdmSlNTVE9wZE9UeS01WUJPeFVZVXk3NVZyWTkxckRRZjZqMXZpQXFtWUtIWE0yalJ2ZkZxcWNGSkMwMF9kdFhsMVY4cGxLT3J1T0g4eERFQzds?oc=5\" target=\"_blank\" rel=\"noopener\">Lille &#8211; Lyon : Benjamin Andr\u00e9 sorti sur blessure, Bruno Genesio donne de ses nouvelles<\/a>&nbsp;&nbsp;La Voix du Nord<\/li>\n<\/ol>\n","protected":false},"excerpt":{"rendered":"Benjamin Andr\u00e9 touch\u00e9 \u00e0 l&rsquo;\u00e9paule gauche lors de Lille-OL&nbsp;&nbsp;L&rsquo;\u00c9quipe Le milieu de terrain de Lille Benjamin Andr\u00e9 sort&hellip;\n","protected":false},"author":2,"featured_media":72028,"comment_status":"","ping_status":"","sticky":false,"template":"","format":"standard","meta":{"footnotes":""},"categories":[9],"tags":[1011,27,60],"class_list":{"0":"post-660431","1":"post","2":"type-post","3":"status-publish","4":"format-standard","5":"has-post-thumbnail","7":"category-sports","8":"tag-fr","9":"tag-france","10":"tag-sports"},"share_on_mastodon":{"url":"https:\/\/pubeurope.com\/@fr\/115887408691582995","error":""},"_links":{"self":[{"href":"https:\/\/www.europesays.com\/fr\/wp-json\/wp\/v2\/posts\/660431","targetHints":{"allow":["GET"]}}],"collection":[{"href":"https:\/\/www.europesays.com\/fr\/wp-json\/wp\/v2\/posts"}],"about":[{"href":"https:\/\/www.europesays.com\/fr\/wp-json\/wp\/v2\/types\/post"}],"author":[{"embeddable":true,"href":"https:\/\/www.europesays.com\/fr\/wp-json\/wp\/v2\/users\/2"}],"replies":[{"embeddable":true,"href":"https:\/\/www.europesays.com\/fr\/wp-json\/wp\/v2\/comments?post=660431"}],"version-history":[{"count":0,"href":"https:\/\/www.europesays.com\/fr\/wp-json\/wp\/v2\/posts\/660431\/revisions"}],"wp:featuredmedia":[{"embeddable":true,"href":"https:\/\/www.europesays.com\/fr\/wp-json\/wp\/v2\/media\/72028"}],"wp:attachment":[{"href":"https:\/\/www.europesays.com\/fr\/wp-json\/wp\/v2\/media?parent=660431"}],"wp:term":[{"taxonomy":"category","embeddable":true,"href":"https:\/\/www.europesays.com\/fr\/wp-json\/wp\/v2\/categories?post=660431"},{"taxonomy":"post_tag","embeddable":true,"href":"https:\/\/www.europesays.com\/fr\/wp-json\/wp\/v2\/tags?post=660431"}],"curies":[{"name":"wp","href":"https:\/\/api.w.org\/{rel}","templated":true}]}}