{"id":660432,"date":"2026-01-13T10:51:16","date_gmt":"2026-01-13T10:51:16","guid":{"rendered":"https:\/\/www.europesays.com\/fr\/660432\/"},"modified":"2026-01-13T10:51:16","modified_gmt":"2026-01-13T10:51:16","slug":"lena-situations-de-sa-chambre-au-musee-grevin-un-documentair","status":"publish","type":"post","link":"https:\/\/www.europesays.com\/fr\/660432\/","title":{"rendered":"\u201cLena Situations, de sa chambre au mus\u00e9e Gr\u00e9vin\u201d : un documentair &#8230;"},"content":{"rendered":"<p>On l\u2019a connue vloggant depuis sa chambre, on la retrouve aujourd\u2019hui au Met Gala, fig\u00e9e dans la cire du mus\u00e9e Gr\u00e9vin, et \u00e0 la t\u00eate d\u2019un v\u00e9ritable empire. Ce mardi 13 janvier \u00e0 21h10 sur RMC Life, la journaliste Salhia Brakhlia d\u00e9voile un portrait \u00e0 contre-courant de Lena Situations, l\u2019influenceuse la plus en vue de France. Un documentaire-\u00e9v\u00e9nement qui propose de la voir sous un angle nouveau : entre storytelling ma\u00eetris\u00e9, confidences intimes et confrontation aux violences num\u00e9riques.<\/p>\n<p>Au fil d\u2019interviews exclusives, d\u2019archives in\u00e9dites et de s\u00e9quences issues de ses fameux vlogs d\u2019ao\u00fbt, on red\u00e9couvre une ic\u00f4ne devenue ph\u00e9nom\u00e8ne g\u00e9n\u00e9rationnel. Mais au-del\u00e0 de l\u2019image l\u00e9ch\u00e9e qu\u2019elle renvoie, le film met en lumi\u00e8re ses doutes, ses failles et les revers du succ\u00e8s en ligne.<\/p>\n<p> De Youtubeuse en chambre \u00e0 businesswoman pop culture <\/p>\n<p>En quelques ann\u00e9es, Lena Mahfouf, alias Lena Situations, a red\u00e9fini les codes de la r\u00e9ussite \u00e0 la fran\u00e7aise. Ce documentaire retrace sa trajectoire fulgurante : ses d\u00e9buts autodidactes, l\u00a0\u00bbexplosion de sa notori\u00e9t\u00e9, ses collaborations avec de grandes marques de luxe, la publication de son livre et l\u2019ouverture de pop-up stores devenus viraux. Une ascension fulgurante qui cache aussi un combat invisible.<\/p>\n<p>Car derri\u00e8re la success story se cache un r\u00e9cit plus complexe, celui d\u2019une jeune femme confront\u00e9e \u00e0 une exposition permanente. Le film explore les cons\u00e9quences psychologiques de cette surexposition, notamment le harc\u00e8lement num\u00e9rique, le bodyshaming et le racisme. Des th\u00e9matiques fortes que Lena affronte sans filtre dans ce documentaire sensible et nuanc\u00e9.<\/p>\n<p> Une introspection sans artifice sur les limites de l\u2019exposition <\/p>\n<p>Ce qui rend ce documentaire si particulier, c\u2019est la volont\u00e9 de Salhia Brakhlia de d\u00e9passer le portrait glamour pour dresser un tableau plus profond et humain. Lena y parle d\u2019anxi\u00e9t\u00e9, de remise en question, de la fronti\u00e8re floue entre vie publique et sph\u00e8re intime. Elle y \u00e9voque aussi l\u2019obsession capillaire, les \u00ab\u00a0s\u00e9quences funs\u00a0\u00bb, mais sans jamais masquer les f\u00ealures.<br \/>En creux, le documentaire interroge notre \u00e9poque, comment fabrique-t-on une c\u00e9l\u00e9brit\u00e9 \u00e0 l\u2019\u00e8re des r\u00e9seaux ? Quelle place pour l\u2019authenticit\u00e9 dans un univers calibr\u00e9 pour plaire ? Et jusqu\u2019o\u00f9 peut-on aller sans se perdre ? Une chose est s\u00fbre : Lena Situations, dans ce film, ne laisse personne indiff\u00e9rent.<\/p>\n","protected":false},"excerpt":{"rendered":"On l\u2019a connue vloggant depuis sa chambre, on la retrouve aujourd\u2019hui au Met Gala, fig\u00e9e dans la cire&hellip;\n","protected":false},"author":2,"featured_media":660433,"comment_status":"","ping_status":"","sticky":false,"template":"","format":"standard","meta":{"footnotes":""},"categories":[8],"tags":[548,58,59,1011,27],"class_list":{"0":"post-660432","1":"post","2":"type-post","3":"status-publish","4":"format-standard","5":"has-post-thumbnail","7":"category-divertissement","8":"tag-article-simple","9":"tag-divertissement","10":"tag-entertainment","11":"tag-fr","12":"tag-france"},"share_on_mastodon":{"url":"https:\/\/pubeurope.com\/@fr\/115887412680063964","error":""},"_links":{"self":[{"href":"https:\/\/www.europesays.com\/fr\/wp-json\/wp\/v2\/posts\/660432","targetHints":{"allow":["GET"]}}],"collection":[{"href":"https:\/\/www.europesays.com\/fr\/wp-json\/wp\/v2\/posts"}],"about":[{"href":"https:\/\/www.europesays.com\/fr\/wp-json\/wp\/v2\/types\/post"}],"author":[{"embeddable":true,"href":"https:\/\/www.europesays.com\/fr\/wp-json\/wp\/v2\/users\/2"}],"replies":[{"embeddable":true,"href":"https:\/\/www.europesays.com\/fr\/wp-json\/wp\/v2\/comments?post=660432"}],"version-history":[{"count":0,"href":"https:\/\/www.europesays.com\/fr\/wp-json\/wp\/v2\/posts\/660432\/revisions"}],"wp:featuredmedia":[{"embeddable":true,"href":"https:\/\/www.europesays.com\/fr\/wp-json\/wp\/v2\/media\/660433"}],"wp:attachment":[{"href":"https:\/\/www.europesays.com\/fr\/wp-json\/wp\/v2\/media?parent=660432"}],"wp:term":[{"taxonomy":"category","embeddable":true,"href":"https:\/\/www.europesays.com\/fr\/wp-json\/wp\/v2\/categories?post=660432"},{"taxonomy":"post_tag","embeddable":true,"href":"https:\/\/www.europesays.com\/fr\/wp-json\/wp\/v2\/tags?post=660432"}],"curies":[{"name":"wp","href":"https:\/\/api.w.org\/{rel}","templated":true}]}}