{"id":660434,"date":"2026-01-13T10:52:19","date_gmt":"2026-01-13T10:52:19","guid":{"rendered":"https:\/\/www.europesays.com\/fr\/660434\/"},"modified":"2026-01-13T10:52:19","modified_gmt":"2026-01-13T10:52:19","slug":"la-date-de-sortie-a-fuite-et-ce-nest-pas-pour-demain-frandroid","status":"publish","type":"post","link":"https:\/\/www.europesays.com\/fr\/660434\/","title":{"rendered":"la date de sortie a fuit\u00e9 et ce n&rsquo;est pas pour demain \u2014 Frandroid"},"content":{"rendered":"<p>Alors que les regards se tournent habituellement vers le mois de janvier pour le renouvellement de la gamme phare de Samsung, le leaker billbil-kun vient de doucher les espoirs d\u2019une sortie pr\u00e9coce. Selon ses informations, le g\u00e9ant cor\u00e9en aurait opt\u00e9 pour un calendrier plus tardif, fixant la commercialisation de ses Galaxy S26 au mois de mars 2026.<\/p>\n<p><a target=\"_blank\" href=\"https:\/\/images.frandroid.com\/wp-content\/uploads\/2025\/12\/samsung-galaxy-s26-ultra-trailer-official-first-look-0-6-screenshot.jpg\" class=\"article-content__figure\" rel=\"noopener\"><img fetchpriority=\"high\" decoding=\"async\" loading=\"eager\" width=\"1200\" height=\"675\" src=\"https:\/\/www.europesays.com\/fr\/wp-content\/uploads\/2026\/01\/samsung-galaxy-s26-ultra-trailer-official-first-look-0-6-screenshot.jpg\" alt=\"\" class=\"wp-image-2903895 wp-image wp-image\"  \/><\/a>Concept design du Samsung Galaxy S26 Ultra \/\/ Source : Alpha Tech<\/p>\n<p>Un calendrier plus tardif que d\u2019habitude<\/p>\n<p>Depuis quelques ann\u00e9es, Samsung avait pris l\u2019habitude d\u2019avancer progressivement la date de pr\u00e9sentation de ses fleurons. Le Galaxy S24 avait \u00e9t\u00e9 d\u00e9voil\u00e9 le 17 janvier, et le Galaxy S25 suivait une logique similaire. Cependant, pour la g\u00e9n\u00e9ration <strong>Galaxy S26<\/strong>, la strat\u00e9gie semble \u00e9voluer.<\/p>\n<p>Selon les leakers <a target=\"_blank\" href=\"https:\/\/x.com\/evleaks\/status\/2008647312139243594\">Evan Blass<\/a> et <a target=\"_blank\" href=\"https:\/\/x.com\/UniverseIce\/status\/2006658430468239377\">Ice Universe<\/a>, Samsung organiserait sa conf\u00e9rence <strong>Galaxy Unpacked le mercredi 25 f\u00e9vrier 2026<\/strong>. Une date reconnue \u00e9galement par le tr\u00e8s fiable leaker <strong>billbil-kun<\/strong> pour <a target=\"_blank\" href=\"https:\/\/www.dealabs.com\/magazine\/samsung-galaxy-s26-series-on-vous-devoile-la-date-de-sortie-60832\" rel=\"noopener\">Dealabs<\/a>. Cette information marque un retour \u00e0 un cycle de lancement plus traditionnel pour la marque, rappelant l\u2019\u00e9poque des annonces faites autour du Mobile World Congress (MWC).<\/p>\n<p>Disponibilit\u00e9 en mars : ce qu\u2019il faut savoir<\/p>\n<p>Si la pr\u00e9sentation aurait lieu fin f\u00e9vrier, il faudra encore patienter pour tenir l\u2019appareil entre ses mains. billbil-kun indique une <strong>date de sortie effective le 11 mars 2026<\/strong>. Ce d\u00e9lai de deux semaines entre l\u2019annonce et la mise en rayon permettrait \u00e0 Samsung d\u2019ouvrir une p\u00e9riode de pr\u00e9commandes classique.<\/p>\n<p>Ce lancement serait donc plus tardif que la normale. Ce d\u00e9calage pourrait s\u2019expliquer par plusieurs facteurs :<\/p>\n<ul class=\"wp-block-list\">\n<li>Une volont\u00e9 de laisser plus d\u2019espace m\u00e9diatique aux S26 en se lib\u00e9rant de l\u2019embouteillage d\u2019annonces de d\u00e9but d\u2019ann\u00e9e.<\/li>\n<li>Des ajustements logistiques ou de production sur la nouvelle puce.<\/li>\n<li>Un alignement strat\u00e9gique avec le calendrier de la concurrence.<\/li>\n<\/ul>\n<p>Pour rappel, la gamme devrait se composer, comme \u00e0 l\u2019accoutum\u00e9e, de trois mod\u00e8les : <a href=\"https:\/\/www.frandroid.com\/marques\/samsung\/2867815_samsung-galaxy-s26-et-s26-plus-design-photo-performances-fenetre-de-sortie-prix-tout-savoir-sur-les-prochains-smartphones\" target=\"_blank\" rel=\"noopener\">le <strong>Galaxy S26<\/strong>, le <strong>S26 Plus<\/strong><\/a>  et l\u2019ultra haut de gamme <strong><a href=\"https:\/\/www.frandroid.com\/marques\/samsung\/2849839_samsung-galaxy-s26-ultra-design-ecran-fenetre-de-sortie-prix-tout-ce-quon-sait-sur-le-futur-smartphone\" target=\"_blank\" rel=\"noopener\">Galaxy S26 Ultra<\/a><\/strong>. <\/p>\n<p>Plane toujours l\u2019id\u00e9e d\u2019un <a href=\"https:\/\/www.frandroid.com\/marques\/2928029_samsung-galaxy-s26-edge-le-smartphone-ultra-fin-que-lon-croyait-mort-donne-signe-de-vie\" target=\"_blank\" rel=\"noopener\">Galaxy S26 Edge<\/a>, mais il semblerait que son lancement soit d\u00e9cal\u00e9 encore plus tard dans l\u2019ann\u00e9e.<\/p>\n<p>Retrouvez tous les articles de Frandroid directement sur Google. Abonnez-vous \u00e0 <a target=\"_blank\" href=\"https:\/\/shop.frandroid.com\/gpfrandroid\" rel=\"noopener\">notre profil Google<\/a> pour ne rien manquer !<\/p>\n","protected":false},"excerpt":{"rendered":"Alors que les regards se tournent habituellement vers le mois de janvier pour le renouvellement de la gamme&hellip;\n","protected":false},"author":2,"featured_media":660435,"comment_status":"","ping_status":"","sticky":false,"template":"","format":"standard","meta":{"footnotes":""},"categories":[7],"tags":[1011,27,76225,60998,62366,60999,62367,51782,43,40,41,39,42,44],"class_list":{"0":"post-660434","1":"post","2":"type-post","3":"status-publish","4":"format-standard","5":"has-post-thumbnail","7":"category-sciences-et-technologies","8":"tag-fr","9":"tag-france","10":"tag-leak","11":"tag-samsung-galaxy-s26","12":"tag-samsung-galaxy-s26-edge","13":"tag-samsung-galaxy-s26-plus","14":"tag-samsung-galaxy-s26-pro","15":"tag-samsung-galaxy-s26-ultra","16":"tag-science","17":"tag-science-and-technology","18":"tag-sciences","19":"tag-sciences-et-technologies","20":"tag-technologies","21":"tag-technology"},"share_on_mastodon":{"url":"https:\/\/pubeurope.com\/@fr\/115887416707190421","error":""},"_links":{"self":[{"href":"https:\/\/www.europesays.com\/fr\/wp-json\/wp\/v2\/posts\/660434","targetHints":{"allow":["GET"]}}],"collection":[{"href":"https:\/\/www.europesays.com\/fr\/wp-json\/wp\/v2\/posts"}],"about":[{"href":"https:\/\/www.europesays.com\/fr\/wp-json\/wp\/v2\/types\/post"}],"author":[{"embeddable":true,"href":"https:\/\/www.europesays.com\/fr\/wp-json\/wp\/v2\/users\/2"}],"replies":[{"embeddable":true,"href":"https:\/\/www.europesays.com\/fr\/wp-json\/wp\/v2\/comments?post=660434"}],"version-history":[{"count":0,"href":"https:\/\/www.europesays.com\/fr\/wp-json\/wp\/v2\/posts\/660434\/revisions"}],"wp:featuredmedia":[{"embeddable":true,"href":"https:\/\/www.europesays.com\/fr\/wp-json\/wp\/v2\/media\/660435"}],"wp:attachment":[{"href":"https:\/\/www.europesays.com\/fr\/wp-json\/wp\/v2\/media?parent=660434"}],"wp:term":[{"taxonomy":"category","embeddable":true,"href":"https:\/\/www.europesays.com\/fr\/wp-json\/wp\/v2\/categories?post=660434"},{"taxonomy":"post_tag","embeddable":true,"href":"https:\/\/www.europesays.com\/fr\/wp-json\/wp\/v2\/tags?post=660434"}],"curies":[{"name":"wp","href":"https:\/\/api.w.org\/{rel}","templated":true}]}}