{"id":660442,"date":"2026-01-13T10:56:33","date_gmt":"2026-01-13T10:56:33","guid":{"rendered":"https:\/\/www.europesays.com\/fr\/660442\/"},"modified":"2026-01-13T10:56:33","modified_gmt":"2026-01-13T10:56:33","slug":"leon-xiv-a-travers-le-bapteme-de-jesus-dieu-nous-justifie","status":"publish","type":"post","link":"https:\/\/www.europesays.com\/fr\/660442\/","title":{"rendered":"L\u00e9on XIV: \u00abA travers le bapt\u00eame de J\u00e9sus, Dieu nous justifie\u00bb"},"content":{"rendered":"<p>En ce dimanche 11 janvier 2026, qui suit la solennit\u00e9 de l\u2019Epiphanie du Seigneur, le Pape L\u00e9on XIV a pr\u00e9sid\u00e9 la premi\u00e8re messe du Bapt\u00eame du Seigneur, de son pontificat, en la chapelle Sixtine, au cours de laquelle il a administr\u00e9 le sacrement de bapt\u00eame \u00e0 20 nouveau-n\u00e9s, enfants des employ\u00e9s du Vatican. Dans son hom\u00e9lie, le Saint-P\u00e8re, a ax\u00e9 sa m\u00e9ditation sur l\u2019Amour de Dieu qui, \u00e0 travers le bapt\u00eame de J\u00e9sus par Jean le Baptiste dans le Jourdain, justifie son peuple.<\/p>\n<p><b>Marie Jos\u00e9 Muando Buabualo \u2013 Cit\u00e9 du Vatican<\/b><\/p>\n<p>Le Saint-P\u00e8re a commenc\u00e9 son hom\u00e9lie par souligner combien ce bapt\u00eame, signe concret de l\u2019entr\u00e9e de J\u00e9sus dans l&rsquo;histoire est un moment de rencontre avec chacun de nous. Pour le Pape, il s\u2019agit d\u2019une rencontre avec un c\u0153ur de J\u00e9sus \u00abouvert et humble\u00bb, et qui, \u00e0 travers cette rencontre, \u00abdialogue avec nous, nous r\u00e9v\u00e9lant la Parole du salut.\u00bb Il inaugure ainsi, \u00abune \u00e8re nouvelle, inattendue\u00bb.<\/p>\n<p><b>J\u00e9sus nous ouvre la porte \u00e0 la mis\u00e9ricorde infinie de Dieu<\/b> <\/p>\n<p>Le Pape a expliqu\u00e9, par la suite, que le bapt\u00eame de J\u00e9sus est un signe de l\u2019amour de Dieu. Jean-Baptiste a compris son vrai sens, pr\u00e9f\u00e9rant \u00eatre, lui-m\u00eame, le premier b\u00e9n\u00e9ficiaire de cette expression de purification divine. J\u00e9sus, dans son humilit\u00e9, transforme ainsi son bapt\u00eame en symbole d\u2019une lumi\u00e8re dans les t\u00e9n\u00e8bres, fait remarquer l\u2019\u00e9v\u00eaque de Rome\u00a0: \u00able Seigneur se rend accessible l\u00e0 o\u00f9 on l&rsquo;attend le moins\u00a0; il est le Saint parmi les p\u00e9cheurs, d\u00e9sirant demeurer parmi nous non pas en restant \u00e0 distance, mais en embrassant pleinement notre humanit\u00e9.\u00bb Le bapt\u00eame re\u00e7u de Jean Baptiste dans le Jourdain rev\u00eat ainsi le symbole d\u2019un passage, avec le Christ, de la mort \u00e0 la r\u00e9surrection\u00a0; au pardon et \u00e0 la communion. Parall\u00e8lement, la tradition du bapt\u00eame des enfants en la chapelle Sixtine, c\u00e9l\u00e9br\u00e9e chaque ann\u00e9e lors de la f\u00eate du Bapt\u00eame du Seigneur est rentr\u00e9 dans cette dimension spirituelle comme signe de la transmission de la foi, \u00e0 travers la mis\u00e9ricorde divine.<\/p>\n<blockquote>\n<p>\u201cCelui qui est baptis\u00e9 par Jean dans le Jourdain fait de ce geste un nouveau signe de mort et de r\u00e9surrection, de pardon et de communion. Voici le sacrement que nous c\u00e9l\u00e9brons aujourd&rsquo;hui pour ces enfants : parce que Dieu les aime, ils deviennent chr\u00e9tiens, nos fr\u00e8res et s\u0153urs.\u201d<\/p>\n<\/blockquote>\n<p><b>Poursuivre leur \u00e9ducation dans la foi<\/b> <b>s\u2019inspirant de l\u2019Amour de Dieu<\/b> <\/p>\n<p>Comme le veut la tradition, \u00e0 cette occasion, des b\u00e9b\u00e9s, enfants des employ\u00e9s du Vatican, ont re\u00e7u leur bapt\u00eame des mains du Pape L\u00e9on XIV. Ils \u00e9taient vingt cette ann\u00e9e. Le Saint-P\u00e8re a fait comprendre qu\u2019\u00e0 travers ce bapt\u00eame, l\u2019amour de Dieu les int\u00e8gre dans son peuple au sein de l\u2019Eglise. \u00abLes enfants que vous tenez maintenant dans vos bras sont transform\u00e9s en de nouvelles cr\u00e9atures. De m\u00eame qu\u2019ils ont re\u00e7u la vie de vous, leurs parents, de m\u00eame ils re\u00e7oivent maintenant le sens de la vie : la foi\u00bb. Le Pape a soulign\u00e9 le fondement de ce sacrement\u00a0: \u00abQuand nous savons qu\u2019un bien est essentiel, nous le recherchons aussit\u00f4t pour ceux que nous aimons. Qui parmi nous, en effet, laisserait des nouveau-n\u00e9s sans v\u00eatements ni nourriture, attendant qu\u2019ils choisissent comment s\u2019habiller et ce qu\u2019ils mangent une fois adultes ?\u00bb\u00a0<\/p>\n<p>Le Pape a termin\u00e9 son hom\u00e9lie en expliquant le vrai sens des gestes accomplis durant le bapt\u00eame : l\u2019eau des fonts baptismaux comme purification de l\u2019Esprit de tout p\u00e9ch\u00e9 ; la robe blanche, v\u00eatement nouveau que Dieu le P\u00e8re nous donne pour la c\u00e9l\u00e9bration \u00e9ternelle de son Royaume ; le cierge allum\u00e9 au cierge pascal\u00a0qui symbolise la lumi\u00e8re du Christ ressuscit\u00e9 sur le chemin de la foi. Aux parents, appel\u00e9s \u00e0 poursuivre le cheminement dans la foi des nouveaux baptis\u00e9s, le Saint-P\u00e8re a souhait\u00e9 qu\u2019ils soient accompagn\u00e9s par le Seigneur qui, \u00e0 travers le Bapt\u00eame, unit son peuple en une unique famille dans l\u2019\u00c9glise.\u00a0<\/p>\n<p>     <a href=\"https:\/\/www.vaticannews.va\/fr\/vatican\/news\/2022-01\/vatican-chapelle-sixtine-bapteme-enfants-pape-francois-seigneur.html\" title=\"Baptis\u00e9s \u00e0 la chapelle Sixtine, le privil\u00e8ge des enfants du Vatican\" target=\"_blank\" rel=\"noopener\"><\/p>\n<p>        <img decoding=\"async\" src=\"data:image\/gif;base64,R0lGODlhAQABAIAAAAAAAP\/\/\/yH5BAEAAAAALAAAAAABAAEAAAIBRAA7\" data-original=\"https:\/\/media.vaticannews.va\/media\/content\/dam-archive\/vaticannews\/multimedia\/2022\/01\/08\/02-1983.jpg\/_jcr_content\/renditions\/cq5dam.thumbnail.cropped.500.281.jpeg\" alt=\"Baptis\u00e9s \u00e0 la chapelle Sixtine, le privil\u00e8ge des enfants du Vatican\"\/><\/p>\n<p>      <\/a><\/p>\n<p>\n      Dimanche 8 janvier 2023 \u00e0 9h30, treize b\u00e9b\u00e9s seront baptis\u00e9s au cours d\u2019une messe c\u00e9l\u00e9br\u00e9e par le Pape Fran\u00e7ois sous l\u2019\u00e9clatante vo\u00fbte de la chapelle Sixtine. Une tradition du &#8230;\n     <\/p>\n","protected":false},"excerpt":{"rendered":"En ce dimanche 11 janvier 2026, qui suit la solennit\u00e9 de l\u2019Epiphanie du Seigneur, le Pape L\u00e9on XIV&hellip;\n","protected":false},"author":2,"featured_media":660443,"comment_status":"","ping_status":"","sticky":false,"template":"","format":"standard","meta":{"footnotes":""},"categories":[2],"tags":[11,1719,68706,1011,27,13600,12,20114],"class_list":{"0":"post-660442","1":"post","2":"type-post","3":"status-publish","4":"format-standard","5":"has-post-thumbnail","7":"category-actualites","8":"tag-actualites","9":"tag-enfants","10":"tag-foi","11":"tag-fr","12":"tag-france","13":"tag-messe","14":"tag-news","15":"tag-pape-leon-xiv"},"share_on_mastodon":{"url":"https:\/\/pubeurope.com\/@fr\/115887432223709387","error":""},"_links":{"self":[{"href":"https:\/\/www.europesays.com\/fr\/wp-json\/wp\/v2\/posts\/660442","targetHints":{"allow":["GET"]}}],"collection":[{"href":"https:\/\/www.europesays.com\/fr\/wp-json\/wp\/v2\/posts"}],"about":[{"href":"https:\/\/www.europesays.com\/fr\/wp-json\/wp\/v2\/types\/post"}],"author":[{"embeddable":true,"href":"https:\/\/www.europesays.com\/fr\/wp-json\/wp\/v2\/users\/2"}],"replies":[{"embeddable":true,"href":"https:\/\/www.europesays.com\/fr\/wp-json\/wp\/v2\/comments?post=660442"}],"version-history":[{"count":0,"href":"https:\/\/www.europesays.com\/fr\/wp-json\/wp\/v2\/posts\/660442\/revisions"}],"wp:featuredmedia":[{"embeddable":true,"href":"https:\/\/www.europesays.com\/fr\/wp-json\/wp\/v2\/media\/660443"}],"wp:attachment":[{"href":"https:\/\/www.europesays.com\/fr\/wp-json\/wp\/v2\/media?parent=660442"}],"wp:term":[{"taxonomy":"category","embeddable":true,"href":"https:\/\/www.europesays.com\/fr\/wp-json\/wp\/v2\/categories?post=660442"},{"taxonomy":"post_tag","embeddable":true,"href":"https:\/\/www.europesays.com\/fr\/wp-json\/wp\/v2\/tags?post=660442"}],"curies":[{"name":"wp","href":"https:\/\/api.w.org\/{rel}","templated":true}]}}