{"id":660457,"date":"2026-01-13T11:05:12","date_gmt":"2026-01-13T11:05:12","guid":{"rendered":"https:\/\/www.europesays.com\/fr\/660457\/"},"modified":"2026-01-13T11:05:12","modified_gmt":"2026-01-13T11:05:12","slug":"apres-un-cambriolage-chez-une-dame-de-94-ans-il-tente-de-sevader-du-commissariat-de-montpellier-guide-par-des-voix","status":"publish","type":"post","link":"https:\/\/www.europesays.com\/fr\/660457\/","title":{"rendered":"Apr\u00e8s un cambriolage chez une dame de 94 ans, il tente de s\u2019\u00e9vader du commissariat de Montpellier guid\u00e9 par des voix"},"content":{"rendered":"<p>\n                                                                Deux hommes ont \u00e9t\u00e9 condamn\u00e9s par le tribunal de Montpellier pour cambriolage, ce vendredi 9\u00a0janvier. L\u2019un d\u2019eux a \u00e9galement \u00e9t\u00e9 sanctionn\u00e9 pour une tentative d\u2019\u00e9vasion, lors de laquelle une polici\u00e8re a \u00e9t\u00e9 bless\u00e9e.\n                            <\/p>\n<p>Alors que son examen avait d\u00e9but\u00e9 \u00e0 13\u00a0h\u00a030, l\u2019affaire examin\u00e9e ce vendredi 9\u00a0janvier par le tribunal de Montpellier n\u2019aura connu son d\u00e9nouement que\u2026 7\u00a0h plus tard\u00a0! Les faits, eux, remontent au mois d\u2019octobre\u00a02024, dans le quartier de La Chamberte.<\/p>\n<p>La victime, 94 ans, \u00e9tait en train de jardiner<\/p>\n<p>Deux ressortissants alg\u00e9riens de 28 et 33\u00a0ans sont interpell\u00e9s alors qu\u2019ils sautent la cl\u00f4ture d\u2019un pavillon, apr\u00e8s avoir compl\u00e8tement fouill\u00e9 ce dernier et emport\u00e9 un coffre \u00e0 bijoux. La propri\u00e9taire, une dame de 94 ans qui jardinait au moment des faits, n\u2019a rien vu du larcin. Ce n\u2019est pas le cas de sa voisine qui, observant les curieux allers-retours, prend une s\u00e9rie de photos et pr\u00e9vient\u00a0la police.<\/p>\n<p>Confront\u00e9s aux images lors de leur garde \u00e0 vue, les deux hommes vont reconna\u00eetre les faits, indiquant qu\u2019ils pensaient la maison vide. Mais l\u2019un d\u2019eux va tenter un geste d\u00e9sesp\u00e9r\u00e9. Lors de son audition au commissariat central, il essaie de fausser compagnie aux agents en prenant la fuite par une porte de service. La polici\u00e8re qui tente de le retenir sera violemment bouscul\u00e9e et bless\u00e9e \u00e0 la pommette, et ce sont trois de ses coll\u00e8gues qui stopperont la course folle au bas d\u2019un escalier.<\/p>\n<p>Des voix \u00e0 l\u2019origine de la tentative d\u2019\u00e9vasion\u00a0?<\/p>\n<p>Pour expliquer son geste, l\u2019accus\u00e9 \u00e9voquera des voix qui \u00ab\u00a0lui ont intim\u00e9 l\u2019ordre de courir\u00a0\u00bb. Des d\u00e9clarations qui poussent son avocat \u00e0 demander une expertise psychiatrique, r\u00e9alis\u00e9e la veille du proc\u00e8s mais dont le rapport n\u2019a pas \u00e9t\u00e9 transmis \u00e0 temps. Premier couac, et premi\u00e8re suspension d\u2019audience. Le rapport arrivera finalement en toute fin de journ\u00e9e. Il conclut \u00ab\u00a0au caract\u00e8re impr\u00e9visible de l\u2019accus\u00e9, toutefois \u00e9ligible \u00e0 une sanction.\u00a0\u00bb\u00a0Des conclusions trop tardives pour Me Codognes, avocat de la d\u00e9fense. Le refus de sa demande de report d\u2019audience provoquera une nouvelle mont\u00e9e de tension, notamment avec la pr\u00e9sidente du tribunal et dans le box des accus\u00e9s, pr\u00e9sent\u00e9s pour la troisi\u00e8me fois aux juges dans le cadre de cette affaire.<\/p>\n<p>Retour en prison<\/p>\n<p>Le plus jeune, arriv\u00e9 en France depuis cinq ans et en situation irr\u00e9guli\u00e8re, a d\u00e9j\u00e0 \u00e9t\u00e9 condamn\u00e9 pour vol avec effraction par le tribunal de Nantes en 2023. Le second, qui a commis la tentative d\u2019\u00e9vasion, vit en France avec sa compagne et son enfant de 2 ans, a r\u00e9cemment fait sa demande de renouvellement de son titre de s\u00e9jour, et ne pr\u00e9sente aucune mention sur son casier judiciaire.<\/p>\n<p>Tenant compte de cela, et de sa situation familiale, le tribunal l\u2019a condamn\u00e9 \u00e0 six mois de prison pour le cambriolage, six mois suppl\u00e9mentaires pour la tentative d\u2019\u00e9vasion, et \u00e0 indemniser la polici\u00e8re bless\u00e9e. Son comparse, lui, \u00e9cope de la m\u00eame peine pour le vol du coffret \u00e0 bijoux, \u00e0 laquelle s\u2019ajoute six mois d\u2019un pr\u00e9c\u00e9dent sursis, ainsi qu\u2019une interdiction de para\u00eetre sur le territoire fran\u00e7ais d\u2019une dur\u00e9e de cinq ans. Tous deux sont retourn\u00e9s en prison \u00e0 l\u2019issue de leur proc\u00e8s.<\/p>\n","protected":false},"excerpt":{"rendered":"Deux hommes ont \u00e9t\u00e9 condamn\u00e9s par le tribunal de Montpellier pour cambriolage, ce vendredi 9\u00a0janvier. L\u2019un d\u2019eux a&hellip;\n","protected":false},"author":2,"featured_media":660458,"comment_status":"","ping_status":"","sticky":false,"template":"","format":"standard","meta":{"footnotes":""},"categories":[9599],"tags":[1111,11,1777,674,1011,27,7089,303,2208,12,2680,25],"class_list":{"0":"post-660457","1":"post","2":"type-post","3":"status-publish","4":"format-standard","5":"has-post-thumbnail","7":"category-montpellier","8":"tag-actu","9":"tag-actualites","10":"tag-eu","11":"tag-europe","12":"tag-fr","13":"tag-france","14":"tag-herault","15":"tag-justice","16":"tag-montpellier","17":"tag-news","18":"tag-occitanie","19":"tag-republique-francaise"},"share_on_mastodon":{"url":"https:\/\/pubeurope.com\/@fr\/115887467667480078","error":""},"_links":{"self":[{"href":"https:\/\/www.europesays.com\/fr\/wp-json\/wp\/v2\/posts\/660457","targetHints":{"allow":["GET"]}}],"collection":[{"href":"https:\/\/www.europesays.com\/fr\/wp-json\/wp\/v2\/posts"}],"about":[{"href":"https:\/\/www.europesays.com\/fr\/wp-json\/wp\/v2\/types\/post"}],"author":[{"embeddable":true,"href":"https:\/\/www.europesays.com\/fr\/wp-json\/wp\/v2\/users\/2"}],"replies":[{"embeddable":true,"href":"https:\/\/www.europesays.com\/fr\/wp-json\/wp\/v2\/comments?post=660457"}],"version-history":[{"count":0,"href":"https:\/\/www.europesays.com\/fr\/wp-json\/wp\/v2\/posts\/660457\/revisions"}],"wp:featuredmedia":[{"embeddable":true,"href":"https:\/\/www.europesays.com\/fr\/wp-json\/wp\/v2\/media\/660458"}],"wp:attachment":[{"href":"https:\/\/www.europesays.com\/fr\/wp-json\/wp\/v2\/media?parent=660457"}],"wp:term":[{"taxonomy":"category","embeddable":true,"href":"https:\/\/www.europesays.com\/fr\/wp-json\/wp\/v2\/categories?post=660457"},{"taxonomy":"post_tag","embeddable":true,"href":"https:\/\/www.europesays.com\/fr\/wp-json\/wp\/v2\/tags?post=660457"}],"curies":[{"name":"wp","href":"https:\/\/api.w.org\/{rel}","templated":true}]}}