{"id":660468,"date":"2026-01-13T11:12:10","date_gmt":"2026-01-13T11:12:10","guid":{"rendered":"https:\/\/www.europesays.com\/fr\/660468\/"},"modified":"2026-01-13T11:12:10","modified_gmt":"2026-01-13T11:12:10","slug":"le-mode-de-paiement-change-a-compter-de-ce-mercredi","status":"publish","type":"post","link":"https:\/\/www.europesays.com\/fr\/660468\/","title":{"rendered":"le mode de paiement change \u00e0 compter de ce mercredi"},"content":{"rendered":"<p>                    Par<br \/>\n        <strong><br \/>\n            <a href=\"https:\/\/actu.fr\/auteur\/ivan-capecchi\" title=\"Consulter tous les articles de Ivan CAPECCHI\" target=\"_blank\" rel=\"noopener\">Ivan CAPECCHI<\/a><br \/>\n                    <\/strong><\/p>\n<p>        Publi\u00e9 le<\/p>\n<p>            13 janv. 2026 \u00e0 10h44        <\/p>\n<p>Le drive de l\u2019hypermarch\u00e9 <a href=\"https:\/\/actu.fr\/grand-est\/illkirch-graffenstaden_67218\/auchan-hypermarche-illkirch-de-nombreux-changements-prevus-jusqu-en-septembre-voici-lesquels_63024041.html\" target=\"_blank\" rel=\"noopener\">Auchan Illkirch-Baggersee<\/a> va changer de fonctionnement \u00e0 partir de ce mercredi 14\u00a0janvier 2026. Le magasin a annonc\u00e9 sur sa page <a href=\"https:\/\/actu.fr\/tag\/facebook\" target=\"_blank\" rel=\"noopener\">Facebook<\/a> que le paiement des commandes s\u2019effectuera d\u00e9sormais <strong>exclusivement en ligne<\/strong>, via le site auchan.fr ou <strong>l\u2019application mobile de l\u2019enseigne<\/strong>.<\/p>\n<p class=\" wall-content\">Concr\u00e8tement, les clients devront r\u00e9gler leurs achats au moment de la commande, avant le retrait. Le paiement au drive, au moment de la r\u00e9cup\u00e9ration des courses,<strong> ne sera donc plus possible<\/strong>.<\/p>\n<p>Des commandes pr\u00e9par\u00e9es en 30\u00a0minutes<\/p>\n<p class=\" wall-content\">Selon Auchan Illkirch-Baggersee, cette \u00e9volution vise \u00e0 <strong>simplifier et acc\u00e9l\u00e9rer le parcours client<\/strong>. Les commandes pass\u00e9es en ligne pourront \u00eatre <strong>pr\u00e9par\u00e9es en une trentaine de minutes<\/strong>, avant d\u2019\u00eatre charg\u00e9es directement dans le coffre du v\u00e9hicule lors du passage au drive.<\/p>\n<p class=\" wall-content\">Le drive de l\u2019hypermarch\u00e9 revendique un <strong>catalogue de plus de 10\u2009000 produits du quotidien<\/strong> disponibles \u00e0 la commande.<\/p>\n<p class=\" wall-content\">Personnalisez votre actualit\u00e9 en ajoutant vos villes et m\u00e9dias en favori avec <a href=\"https:\/\/moncompte.actu.fr\" title=\"D\u00e9couvez Mon Actu\" rel=\"nofollow noopener\" data-trk=\"{&quot;cta&quot;:{&quot;action&quot;:&quot;https:\\\/\\\/moncompte.actu.fr&quot;,&quot;category&quot;:&quot;mon compte&quot;,&quot;from&quot;:&quot;article footer&quot;,&quot;name&quot;:&quot;Mon actu&quot;,&quot;type&quot;:&quot;cta&quot;}}\" target=\"_blank\">Mon Actu<\/a>.<\/p>\n","protected":false},"excerpt":{"rendered":"Par Ivan CAPECCHI Publi\u00e9 le 13 janv. 2026 \u00e0 10h44 Le drive de l\u2019hypermarch\u00e9 Auchan Illkirch-Baggersee va changer&hellip;\n","protected":false},"author":2,"featured_media":660469,"comment_status":"","ping_status":"","sticky":false,"template":"","format":"standard","meta":{"footnotes":""},"categories":[2820],"tags":[1111,11,14474,1777,674,1011,27,775,12,25,104,640],"class_list":{"0":"post-660468","1":"post","2":"type-post","3":"status-publish","4":"format-standard","5":"has-post-thumbnail","7":"category-strasbourg","8":"tag-actu","9":"tag-actualites","10":"tag-auchan","11":"tag-eu","12":"tag-europe","13":"tag-fr","14":"tag-france","15":"tag-grand-est","16":"tag-news","17":"tag-republique-francaise","18":"tag-societe","19":"tag-strasbourg"},"share_on_mastodon":{"url":"https:\/\/pubeurope.com\/@fr\/115887495328411971","error":""},"_links":{"self":[{"href":"https:\/\/www.europesays.com\/fr\/wp-json\/wp\/v2\/posts\/660468","targetHints":{"allow":["GET"]}}],"collection":[{"href":"https:\/\/www.europesays.com\/fr\/wp-json\/wp\/v2\/posts"}],"about":[{"href":"https:\/\/www.europesays.com\/fr\/wp-json\/wp\/v2\/types\/post"}],"author":[{"embeddable":true,"href":"https:\/\/www.europesays.com\/fr\/wp-json\/wp\/v2\/users\/2"}],"replies":[{"embeddable":true,"href":"https:\/\/www.europesays.com\/fr\/wp-json\/wp\/v2\/comments?post=660468"}],"version-history":[{"count":0,"href":"https:\/\/www.europesays.com\/fr\/wp-json\/wp\/v2\/posts\/660468\/revisions"}],"wp:featuredmedia":[{"embeddable":true,"href":"https:\/\/www.europesays.com\/fr\/wp-json\/wp\/v2\/media\/660469"}],"wp:attachment":[{"href":"https:\/\/www.europesays.com\/fr\/wp-json\/wp\/v2\/media?parent=660468"}],"wp:term":[{"taxonomy":"category","embeddable":true,"href":"https:\/\/www.europesays.com\/fr\/wp-json\/wp\/v2\/categories?post=660468"},{"taxonomy":"post_tag","embeddable":true,"href":"https:\/\/www.europesays.com\/fr\/wp-json\/wp\/v2\/tags?post=660468"}],"curies":[{"name":"wp","href":"https:\/\/api.w.org\/{rel}","templated":true}]}}