{"id":660476,"date":"2026-01-13T11:16:21","date_gmt":"2026-01-13T11:16:21","guid":{"rendered":"https:\/\/www.europesays.com\/fr\/660476\/"},"modified":"2026-01-13T11:16:21","modified_gmt":"2026-01-13T11:16:21","slug":"trophees-energaia-le-nantais-heliorec-prime-pour-son-systeme-flottant-solaire","status":"publish","type":"post","link":"https:\/\/www.europesays.com\/fr\/660476\/","title":{"rendered":"Troph\u00e9es EnerGa\u00efa\u00a0: le nantais HelioRec prim\u00e9 pour son syst\u00e8me flottant solaire"},"content":{"rendered":"<p>En d\u00e9cembre, \u00e0 Montpellier, le forum EnerGa\u00efa, rendez-vous professionnel des \u00e9nergies renouvelables, a distingu\u00e9 le Nantais HelioRec.<a href=\"https:\/\/brest.maville.com\/actu\/actudet_-concu-pour-resister-a-des-vagues-de-2-metres-un-prototype-solaire-flottant-teste-a-brest-_6-5990549_actu.Htm\" target=\"_self\" rel=\"noopener\">\u00a0<\/a>  <a href=\"https:\/\/brest.maville.com\/actu\/actudet_-concu-pour-resister-a-des-vagues-de-2-metres-un-prototype-solaire-flottant-teste-a-brest-_6-5990549_actu.Htm\" target=\"_self\" rel=\"noopener\">Le constructeur de centrales solaires flottantes<\/a> a re\u00e7u le prix International. Ce troph\u00e9e r\u00e9compense les projets <strong>\u00ab\u00a0pr\u00e9sentant un fort potentiel de d\u00e9ploiement \u00e0 l\u2019\u00e9chelle mondiale, notamment par leur adaptabilit\u00e9 aux march\u00e9s \u00e9trangers\u00a0\u00bb.<\/strong> <\/p>\n<p>Le jury a salu\u00e9 le syst\u00e8me flottant solaire W300A d\u00e9velopp\u00e9 par HelioRec. <strong>\u00ab<\/strong>  <strong>\u00a0Con\u00e7u pour r\u00e9sister \u00e0 des vagues de 4\u00a0m et des vents de 200\u00a0km\/h, gr\u00e2ce \u00e0 ses m\u00e9canismes brevet\u00e9s de verrouillage hydraulique et d\u2019absorption des chocs, W300A est d\u00e9ployable sur pr\u00e8s de 70\u00a0% des littoraux mondiaux\u00a0\u00bb,<\/strong> pr\u00e9cise EnerGa\u00efa.<\/p>\n<p>Fabriqu\u00e9 avec 70\u00a0% de plastique recycl\u00e9, le syst\u00e8me combinerait <strong>\u00ab\u00a0robustesse, durabilit\u00e9 et performance. Sa conception modulaire permet de produire localement la majorit\u00e9 des composants, r\u00e9duisant ainsi les co\u00fbts logistiques et facilitant une diffusion internationale rapide\u00a0\u00bb.<\/strong> <\/p>\n<p>\u00a0<\/p>\n","protected":false},"excerpt":{"rendered":"En d\u00e9cembre, \u00e0 Montpellier, le forum EnerGa\u00efa, rendez-vous professionnel des \u00e9nergies renouvelables, a distingu\u00e9 le Nantais HelioRec.\u00a0 Le&hellip;\n","protected":false},"author":2,"featured_media":660477,"comment_status":"","ping_status":"","sticky":false,"template":"","format":"standard","meta":{"footnotes":""},"categories":[2818],"tags":[1111,11,76226,1777,674,76228,1011,27,76227,4715,766,12,2636,9483,25,895,14555,37369],"class_list":{"0":"post-660476","1":"post","2":"type-post","3":"status-publish","4":"format-standard","5":"has-post-thumbnail","7":"category-nantes","8":"tag-actu","9":"tag-actualites","10":"tag-energaia","11":"tag-eu","12":"tag-europe","13":"tag-flottant","14":"tag-fr","15":"tag-france","16":"tag-heliorec","17":"tag-nantais","18":"tag-nantes","19":"tag-news","20":"tag-pays-de-la-loire","21":"tag-prime","22":"tag-republique-francaise","23":"tag-solaire","24":"tag-systeme","25":"tag-trophees"},"share_on_mastodon":{"url":"https:\/\/pubeurope.com\/@fr\/115887510971004894","error":""},"_links":{"self":[{"href":"https:\/\/www.europesays.com\/fr\/wp-json\/wp\/v2\/posts\/660476","targetHints":{"allow":["GET"]}}],"collection":[{"href":"https:\/\/www.europesays.com\/fr\/wp-json\/wp\/v2\/posts"}],"about":[{"href":"https:\/\/www.europesays.com\/fr\/wp-json\/wp\/v2\/types\/post"}],"author":[{"embeddable":true,"href":"https:\/\/www.europesays.com\/fr\/wp-json\/wp\/v2\/users\/2"}],"replies":[{"embeddable":true,"href":"https:\/\/www.europesays.com\/fr\/wp-json\/wp\/v2\/comments?post=660476"}],"version-history":[{"count":0,"href":"https:\/\/www.europesays.com\/fr\/wp-json\/wp\/v2\/posts\/660476\/revisions"}],"wp:featuredmedia":[{"embeddable":true,"href":"https:\/\/www.europesays.com\/fr\/wp-json\/wp\/v2\/media\/660477"}],"wp:attachment":[{"href":"https:\/\/www.europesays.com\/fr\/wp-json\/wp\/v2\/media?parent=660476"}],"wp:term":[{"taxonomy":"category","embeddable":true,"href":"https:\/\/www.europesays.com\/fr\/wp-json\/wp\/v2\/categories?post=660476"},{"taxonomy":"post_tag","embeddable":true,"href":"https:\/\/www.europesays.com\/fr\/wp-json\/wp\/v2\/tags?post=660476"}],"curies":[{"name":"wp","href":"https:\/\/api.w.org\/{rel}","templated":true}]}}