{"id":660492,"date":"2026-01-13T11:25:15","date_gmt":"2026-01-13T11:25:15","guid":{"rendered":"https:\/\/www.europesays.com\/fr\/660492\/"},"modified":"2026-01-13T11:25:15","modified_gmt":"2026-01-13T11:25:15","slug":"marseille-fermeture-de-quelques-tunnels-jusquau-16-janvier","status":"publish","type":"post","link":"https:\/\/www.europesays.com\/fr\/660492\/","title":{"rendered":"Marseille : fermeture de quelques tunnels jusqu&rsquo;au 16 janvier"},"content":{"rendered":"<p><img loading=\"lazy\" decoding=\"async\" alt=\"\u00a9 Shutterstock - Les tunnels restent ouverts toutes les nuits de week-end dans le but de ne pas entraver le trafic routier le samedi (soir de sorties) et le dimanche (retour de week-end).\" data-zoom-src=\"https:\/\/www.europesays.com\/fr\/wp-content\/uploads\/2026\/01\/initial-tunnel-marseille.jpg\" data-zoomable=\"\" height=\"702\" src=\"https:\/\/www.europesays.com\/fr\/wp-content\/uploads\/2026\/01\/initial-tunnel-marseille.jpg\" width=\"1248\"\/>  <\/p>\n<p class=\"article-desc\">\u00a9 Shutterstock &#8211; Les tunnels restent ouverts toutes les nuits de week-end dans le but de ne pas entraver le trafic routier le samedi (soir de sorties) et le dimanche (retour de week-end). <\/p>\n<p>Plusieurs <strong>tunnels marseillais<\/strong> seront ferm\u00e9s la nuit la semaine prochaine en raison de <strong>travaux de maintenance<\/strong> programm\u00e9s par la M\u00e9tropole Aix-Marseille-Provence. <\/p>\n<p>Ces fermetures interviendront jusqu&rsquo;au <strong data-is-only-node=\"\">vendredi 16 janvier 2026<\/strong>, principalement entre <strong>22 h et 5 h 30<\/strong>. <\/p>\n<p> Quels tunnels seront ferm\u00e9s jusqu&rsquo;au 16 janvier \u00e0 Marseille ? <\/p>\n<p>Les nuits du <strong>lundi au jeudi matin<\/strong>, les tunnels du <strong>Vieux-Port<\/strong> (dans les deux sens de circulation), du <strong>Major<\/strong> et de la <strong>Joliette<\/strong> seront successivement ferm\u00e9s \u00e0 la circulation. Dans la nuit du <strong>jeudi 15 au vendredi 16 janvier<\/strong>, de <strong>21 h \u00e0 5 h 30<\/strong>, c\u2019est le <strong>tunnel Saint-Charles<\/strong> qui sera concern\u00e9 par une interruption du trafic. <\/p>\n<p data-is-last-node=\"\" data-is-only-node=\"\">Selon la M\u00e9tropole, ces op\u00e9rations visent \u00e0 <strong>assurer le bon entretien et le fonctionnement optimal des \u00e9quipements de s\u00e9curit\u00e9<\/strong>. <\/p>\n<p data-is-last-node=\"\" data-is-only-node=\"\">Les <strong>automobilistes<\/strong> sont invit\u00e9s \u00e0 anticiper leurs <strong>d\u00e9placements<\/strong> et \u00e0 emprunter les itin\u00e9raires de d\u00e9viation. <\/p>\n<p data-is-last-node=\"\" data-is-only-node=\"\">Les tunnels resteront en revanche ouverts durant les nuits de week-end afin de <strong>limiter l\u2019impact sur le trafic<\/strong>, notamment lors des sorties du samedi soir et des retours dominicaux.<\/p>\n","protected":false},"excerpt":{"rendered":"\u00a9 Shutterstock &#8211; Les tunnels restent ouverts toutes les nuits de week-end dans le but de ne pas&hellip;\n","protected":false},"author":2,"featured_media":660493,"comment_status":"","ping_status":"","sticky":false,"template":"","format":"standard","meta":{"footnotes":""},"categories":[2814],"tags":[1111,11,3542,1777,674,13407,1011,27,884,12,882,25,2086,17374],"class_list":{"0":"post-660492","1":"post","2":"type-post","3":"status-publish","4":"format-standard","5":"has-post-thumbnail","7":"category-marseille","8":"tag-actu","9":"tag-actualites","10":"tag-circulation","11":"tag-eu","12":"tag-europe","13":"tag-fermeture","14":"tag-fr","15":"tag-france","16":"tag-marseille","17":"tag-news","18":"tag-provence-alpes-cote-dazur","19":"tag-republique-francaise","20":"tag-travaux","21":"tag-tunnel"},"share_on_mastodon":{"url":"https:\/\/pubeurope.com\/@fr\/115887546413848174","error":""},"_links":{"self":[{"href":"https:\/\/www.europesays.com\/fr\/wp-json\/wp\/v2\/posts\/660492","targetHints":{"allow":["GET"]}}],"collection":[{"href":"https:\/\/www.europesays.com\/fr\/wp-json\/wp\/v2\/posts"}],"about":[{"href":"https:\/\/www.europesays.com\/fr\/wp-json\/wp\/v2\/types\/post"}],"author":[{"embeddable":true,"href":"https:\/\/www.europesays.com\/fr\/wp-json\/wp\/v2\/users\/2"}],"replies":[{"embeddable":true,"href":"https:\/\/www.europesays.com\/fr\/wp-json\/wp\/v2\/comments?post=660492"}],"version-history":[{"count":0,"href":"https:\/\/www.europesays.com\/fr\/wp-json\/wp\/v2\/posts\/660492\/revisions"}],"wp:featuredmedia":[{"embeddable":true,"href":"https:\/\/www.europesays.com\/fr\/wp-json\/wp\/v2\/media\/660493"}],"wp:attachment":[{"href":"https:\/\/www.europesays.com\/fr\/wp-json\/wp\/v2\/media?parent=660492"}],"wp:term":[{"taxonomy":"category","embeddable":true,"href":"https:\/\/www.europesays.com\/fr\/wp-json\/wp\/v2\/categories?post=660492"},{"taxonomy":"post_tag","embeddable":true,"href":"https:\/\/www.europesays.com\/fr\/wp-json\/wp\/v2\/tags?post=660492"}],"curies":[{"name":"wp","href":"https:\/\/api.w.org\/{rel}","templated":true}]}}