{"id":660494,"date":"2026-01-13T11:26:12","date_gmt":"2026-01-13T11:26:12","guid":{"rendered":"https:\/\/www.europesays.com\/fr\/660494\/"},"modified":"2026-01-13T11:26:12","modified_gmt":"2026-01-13T11:26:12","slug":"municipales-2026-a-lyon-georges-kepenekian-chipe-deux-soutiens-potentiels-de-gregory-doucet","status":"publish","type":"post","link":"https:\/\/www.europesays.com\/fr\/660494\/","title":{"rendered":"Municipales 2026 \u00e0 Lyon. Georges K\u00e9p\u00e9n\u00e9kian chipe deux soutiens potentiels de Gr\u00e9gory Doucet"},"content":{"rendered":"<p>                    Par<br \/>\n        <strong><br \/>\n            <a href=\"https:\/\/actu.fr\/auteur\/nicolas-zaugra\" title=\"Consulter tous les articles de Nicolas Zaugra\" target=\"_blank\" rel=\"noopener\">Nicolas Zaugra<\/a><br \/>\n                    <\/strong><\/p>\n<p>        Publi\u00e9 le<\/p>\n<p>            13 janv. 2026 \u00e0 10h47        <\/p>\n<p>L\u2019ancien maire de <a href=\"https:\/\/actu.fr\/auvergne-rhone-alpes\/lyon_69123\" target=\"_blank\" rel=\"noopener\">Lyon<\/a> de centre gauche et candidat aux municipales 2026 <strong>Georges K\u00e9p\u00e9n\u00e9kian<\/strong> veut faire campagne jusqu\u2019au bout malgr\u00e9 les mauvais sondages et la domination m\u00e9diatique de ses principaux adversaires, <a href=\"https:\/\/actu.fr\/auvergne-rhone-alpes\/lyon_69123\/municipales-2026-a-lyon-la-pique-mechante-de-jean-michel-aulas-contre-doucet-chez-lea-salame_63684389.html\" target=\"_blank\" rel=\"noopener\">Jean-Michel Aulas<\/a> et <a href=\"https:\/\/actu.fr\/auvergne-rhone-alpes\/lyon_69123\/lyon-municipales-2026-gregory-doucet-promet-de-faire-bondir-le-nombre-de-logements-sociaux_63685766.html\" target=\"_blank\" rel=\"noopener\">Gr\u00e9gory Doucet<\/a>. <br \/>Apr\u00e8s plusieurs prises de parole d\u00e9but janvier, le candidat annonce mardi 13 janvier 2026 le ralliement de deux \u00e9lues de <strong>Place publique<\/strong>, le mouvement de Rapha\u00ebl Glucksmann. Un pr\u00e9c\u00e9dent \u00e9lu du mouvement, <a href=\"https:\/\/actu.fr\/auvergne-rhone-alpes\/lyon_69123\/lyon-municipales-2026-un-adjoint-de-gregory-doucet-quitte-le-navire-pour-cet-autre-candidat_63577501.html\" target=\"_blank\" rel=\"noopener\">un adjoint de Gr\u00e9gory Doucet<\/a>, l\u2019a aussi rejoint en d\u00e9cembre dernier. Des soutiens \u00ab\u00a0piqu\u00e9s\u00a0\u00bb au maire de Lyon, confront\u00e9 \u00e0 une division de la gauche.\u00a0<\/p>\n<p>Deux \u00e9lues Place publique, dont une ancienne pass\u00e9e par LFI<\/p>\n<p class=\" wall-content\">L\u2019\u00e9quipe de campagne de K\u00e9p\u00e9n\u00e9kian annonce l\u2019arriv\u00e9e de <strong>Malika Haddad Grosjean<\/strong>, adjointe au maire du 1\u1d49\u02b3\u1d49 arrondissement de Lyon en charge du logement, des solidarit\u00e9s, de l\u2019acc\u00e8s aux droits, de l\u2019\u00e9galit\u00e9 femmes-hommes et de la vie des a\u00een\u00e9es. Elle n\u2019a pas fait le choix de Gr\u00e9gory Doucet malgr\u00e9 l\u2019accord pass\u00e9 entre le mouvement de gauche et le maire sortant.<\/p>\n<p class=\" wall-content\">L\u2019\u00e9lue avait fait partie de la campagne de Nathalie Perrin-Gilbert en 2020 avant de rejoindre la majorit\u00e9 de Gr\u00e9gory Doucet. Elle est m\u00eame pass\u00e9e par\u2026 <a href=\"https:\/\/lafranceinsoumise.fr\/2019\/03\/06\/portrait-de-candidate-malika-haddad-grosjean\/\" target=\"_blank\" rel=\"noopener\">LFI, o\u00f9 elle a \u00e9t\u00e9 candidate aux europ\u00e9ennes de 2019<\/a>. C\u2019est finalement au centre gauche qu\u2019elle atterrit dans un mouvement qui conteste vouloir toute alliance avec la France insoumise.\u00a0<\/p>\n<p class=\" wall-content\">Delphine Borbon, conseill\u00e8re m\u00e9tropolitaine membre de l\u2019ex-groupe de G\u00e9rard Collomb \u00e0 la M\u00e9tropole avant qu\u2019elle le quitte en septembre 2025, pr\u00e9f\u00e8re aussi Georges K\u00e9p\u00e9n\u00e9kian. Elle n\u2019a pas appr\u00e9ci\u00e9 la prise en main de Jean-Michel Aulas sur le groupe \u00e0 la M\u00e9tropole.<\/p>\n<p class=\" wall-content\">\u00ab\u00a0Si on reste sur cette dynamique o\u00f9 Franck L\u00e9vy (un \u00e9lu pro-Aulas du 8\u1d49 arrondissement) a d\u00e9cid\u00e9 de soutenir Jean-Michel Aulas, cela marque le groupe beaucoup plus \u00e0 droite que ce que j\u2019aurais souhait\u00e9. J\u2019ai envie de me repositionner politiquement\u00a0\u00bb, disait Delphine Borbon, citant dans <a href=\"https:\/\/tribunedelyon.fr\/politique\/conseil-municipal-groupe-collomb-explose-sous-pression-jean-michel-aulas\/\" target=\"_blank\" rel=\"noopener\">Tribune de Lyon<\/a> La Convention de Bernard Cazeneuve, Place publique ou encore David Kimelfeld et Georges K\u00e9p\u00e9n\u00e9kian.<\/p>\n<p>Jusqu\u2019au bout de la campagne<\/p>\n<p class=\" wall-content\">Pour sa rentr\u00e9e de janvier, le candidat de \u00ab\u00a0Lyon quelle \u00e9nergie !\u00a0\u00bb qui se revendique sans \u00e9tiquette assure qu\u2019il ira jusqu\u2019au bout du 1\u1d49\u02b3 tour malgr\u00e9 des discussions avec <a href=\"https:\/\/actu.fr\/auvergne-rhone-alpes\/lyon_69123\/municipales-2026-a-lyon-gregory-doucet-n-existe-pas-tacle-nathalie-perrin-gilbert_63671807.html\" target=\"_blank\" rel=\"noopener\">Nathalie Perrin Gilbert<\/a>, Jean-Michel Aulas et m\u00eame\u2026 Bruno Bernard \u00e0 la M\u00e9tropole.\u00a0<\/p>\n<p class=\" wall-content\">\u00ab\u00a0Rien n\u2019est jou\u00e9. On fait le pari et on ira jusqu\u2019au bout\u00a0\u00bb, a-t-il dit lors d\u2019une conf\u00e9rence de presse. Il d\u00e9nonce les grands projets et mesures nombreuses annonc\u00e9es quotidiennement par Jean-Michel Aulas ou Gr\u00e9gory Doucet qui animent l\u2019essentiel de la campagne lyonnaise.<\/p>\n<p>Votre r\u00e9gion, votre actu !<\/p>\n<p>Recevez chaque jour les infos qui comptent pour vous.<\/p>\n<p>\t<a href=\"https:\/\/actu.fr\/newsletter\" class=\"ac-btn ac-btn--corner ac-btn--medium ac-btn--blue800\" target=\"_blank\" rel=\"noopener\">S&rsquo;incrire<\/a><\/p>\n<p class=\" wall-content\">L\u2019arriv\u00e9e de ces deux \u00e9lues montre aussi que certains dans le paysage politique local refusent de choisir entre les deux polarit\u00e9s incarn\u00e9es par le maire sortant et l\u2019ancien patron de l\u2019OL.\u00a0<\/p>\n<p class=\" wall-content\">Personnalisez votre actualit\u00e9 en ajoutant vos villes et m\u00e9dias en favori avec <a href=\"https:\/\/moncompte.actu.fr\" title=\"D\u00e9couvez Mon Actu\" rel=\"nofollow noopener\" data-trk=\"{&quot;cta&quot;:{&quot;action&quot;:&quot;https:\\\/\\\/moncompte.actu.fr&quot;,&quot;category&quot;:&quot;mon compte&quot;,&quot;from&quot;:&quot;article footer&quot;,&quot;name&quot;:&quot;Mon actu&quot;,&quot;type&quot;:&quot;cta&quot;}}\" target=\"_blank\">Mon Actu<\/a>.<\/p>\n","protected":false},"excerpt":{"rendered":"Par Nicolas Zaugra Publi\u00e9 le 13 janv. 2026 \u00e0 10h47 L\u2019ancien maire de Lyon de centre gauche et&hellip;\n","protected":false},"author":2,"featured_media":660495,"comment_status":"","ping_status":"","sticky":false,"template":"","format":"standard","meta":{"footnotes":""},"categories":[1889],"tags":[1111,11,2430,4188,1777,674,1011,27,2428,3434,12,316,25],"class_list":{"0":"post-660494","1":"post","2":"type-post","3":"status-publish","4":"format-standard","5":"has-post-thumbnail","7":"category-lyon","8":"tag-actu","9":"tag-actualites","10":"tag-auvergne-rhone-alpes","11":"tag-elections-municipales","12":"tag-eu","13":"tag-europe","14":"tag-fr","15":"tag-france","16":"tag-lyon","17":"tag-municipales-2026","18":"tag-news","19":"tag-politique","20":"tag-republique-francaise"},"share_on_mastodon":{"url":"https:\/\/pubeurope.com\/@fr\/115887550193316192","error":""},"_links":{"self":[{"href":"https:\/\/www.europesays.com\/fr\/wp-json\/wp\/v2\/posts\/660494","targetHints":{"allow":["GET"]}}],"collection":[{"href":"https:\/\/www.europesays.com\/fr\/wp-json\/wp\/v2\/posts"}],"about":[{"href":"https:\/\/www.europesays.com\/fr\/wp-json\/wp\/v2\/types\/post"}],"author":[{"embeddable":true,"href":"https:\/\/www.europesays.com\/fr\/wp-json\/wp\/v2\/users\/2"}],"replies":[{"embeddable":true,"href":"https:\/\/www.europesays.com\/fr\/wp-json\/wp\/v2\/comments?post=660494"}],"version-history":[{"count":0,"href":"https:\/\/www.europesays.com\/fr\/wp-json\/wp\/v2\/posts\/660494\/revisions"}],"wp:featuredmedia":[{"embeddable":true,"href":"https:\/\/www.europesays.com\/fr\/wp-json\/wp\/v2\/media\/660495"}],"wp:attachment":[{"href":"https:\/\/www.europesays.com\/fr\/wp-json\/wp\/v2\/media?parent=660494"}],"wp:term":[{"taxonomy":"category","embeddable":true,"href":"https:\/\/www.europesays.com\/fr\/wp-json\/wp\/v2\/categories?post=660494"},{"taxonomy":"post_tag","embeddable":true,"href":"https:\/\/www.europesays.com\/fr\/wp-json\/wp\/v2\/tags?post=660494"}],"curies":[{"name":"wp","href":"https:\/\/api.w.org\/{rel}","templated":true}]}}