{"id":660513,"date":"2026-01-13T11:38:11","date_gmt":"2026-01-13T11:38:11","guid":{"rendered":"https:\/\/www.europesays.com\/fr\/660513\/"},"modified":"2026-01-13T11:38:11","modified_gmt":"2026-01-13T11:38:11","slug":"le-chancellier-allemand-estime-que-le-pouvoir-en-iran-vit-ses-derniers-jours-et-semaines","status":"publish","type":"post","link":"https:\/\/www.europesays.com\/fr\/660513\/","title":{"rendered":"Le chancellier allemand estime que le pouvoir en Iran vit ses \u00abderniers jours et semaines\u00bb"},"content":{"rendered":"<p>Le chancelier allemand Friedrich Merz a estim\u00e9 mardi que le pouvoir en Iran vivait ses \u00abderniers jours et derni\u00e8res semaines\u00bb, au moment o\u00f9 les autorit\u00e9s iraniennes sont accus\u00e9es de r\u00e9primer dans le sang de vastes manifestations.<\/p>\n<p>\u00abLorsqu\u2019un r\u00e9gime ne peut se maintenir au pouvoir que par la violence, il est de facto \u00e0 bout de souffle. Je pars du principe que nous voyons l\u00e0 les derniers jours et semaines de ce r\u00e9gime\u00bb, a-t-il dit au cours d\u2019un d\u00e9placement \u00e0 Bangalore, dans le sud de l\u2019Inde, selon des propos retransmis par la t\u00e9l\u00e9vision allemande.<\/p>\n<p>Le pouvoir \u00e0 T\u00e9h\u00e9ran ne dispose \u00abde toute fa\u00e7on d\u2019aucune l\u00e9gitimit\u00e9 issue d\u2019\u00e9lections populaires\u00bb, a encore dit Friedrich Merz, au second jour de sa visite en Inde.<\/p>\n<p>Le dirigeant allemand a n\u00e9anmoins dit esp\u00e9rer une issue \u00abpacifique\u00bb.<\/p>\n<p>L\u2019Allemagne est \u00aben \u00e9troite concertation avec le gouvernement am\u00e9ricain et avec les gouvernements europ\u00e9ens\u00bb afin de faire en sorte qu\u2019une transition \u00abpacifique vers un gouvernement d\u00e9mocratiquement l\u00e9gitim\u00e9 puisse avoir lieu en Iran\u00bb, selon M. Merz.<\/p>\n<p>Le chancelier s\u2019est inqui\u00e9t\u00e9 de la \u00abpropension toujours plus grande \u00e0 la violence de la police et des pr\u00e9tendus Gardiens de la r\u00e9volution en Iran contre leur propre population\u00bb, lan\u00e7ant un appel \u00abau r\u00e9gime des mollahs\u00bb pour qu\u2019il \u00abcesse imm\u00e9diatement ces violences\u00bb.<br \/>AFP<\/p>\n","protected":false},"excerpt":{"rendered":"Le chancelier allemand Friedrich Merz a estim\u00e9 mardi que le pouvoir en Iran vivait ses \u00abderniers jours et&hellip;\n","protected":false},"author":2,"featured_media":660514,"comment_status":"","ping_status":"","sticky":false,"template":"","format":"standard","meta":{"footnotes":""},"categories":[1587],"tags":[11,672,1804,1805,1803,1777,674,1801,12,1802],"class_list":{"0":"post-660513","1":"post","2":"type-post","3":"status-publish","4":"format-standard","5":"has-post-thumbnail","7":"category-allemagne","8":"tag-actualites","9":"tag-allemagne","10":"tag-bundesrepublik-deutschland","11":"tag-de","12":"tag-deutschland","13":"tag-eu","14":"tag-europe","15":"tag-germany","16":"tag-news","17":"tag-republique-federale-dallemagne"},"share_on_mastodon":{"url":"https:\/\/pubeurope.com\/@fr\/115887597404082331","error":""},"_links":{"self":[{"href":"https:\/\/www.europesays.com\/fr\/wp-json\/wp\/v2\/posts\/660513","targetHints":{"allow":["GET"]}}],"collection":[{"href":"https:\/\/www.europesays.com\/fr\/wp-json\/wp\/v2\/posts"}],"about":[{"href":"https:\/\/www.europesays.com\/fr\/wp-json\/wp\/v2\/types\/post"}],"author":[{"embeddable":true,"href":"https:\/\/www.europesays.com\/fr\/wp-json\/wp\/v2\/users\/2"}],"replies":[{"embeddable":true,"href":"https:\/\/www.europesays.com\/fr\/wp-json\/wp\/v2\/comments?post=660513"}],"version-history":[{"count":0,"href":"https:\/\/www.europesays.com\/fr\/wp-json\/wp\/v2\/posts\/660513\/revisions"}],"wp:featuredmedia":[{"embeddable":true,"href":"https:\/\/www.europesays.com\/fr\/wp-json\/wp\/v2\/media\/660514"}],"wp:attachment":[{"href":"https:\/\/www.europesays.com\/fr\/wp-json\/wp\/v2\/media?parent=660513"}],"wp:term":[{"taxonomy":"category","embeddable":true,"href":"https:\/\/www.europesays.com\/fr\/wp-json\/wp\/v2\/categories?post=660513"},{"taxonomy":"post_tag","embeddable":true,"href":"https:\/\/www.europesays.com\/fr\/wp-json\/wp\/v2\/tags?post=660513"}],"curies":[{"name":"wp","href":"https:\/\/api.w.org\/{rel}","templated":true}]}}