{"id":660519,"date":"2026-01-13T11:41:16","date_gmt":"2026-01-13T11:41:16","guid":{"rendered":"https:\/\/www.europesays.com\/fr\/660519\/"},"modified":"2026-01-13T11:41:16","modified_gmt":"2026-01-13T11:41:16","slug":"raphinha-en-majeste-xabi-alonso-encore-sous-pression-la-presse-espagnole-disseque-la-finale-de-la-supercoupe-despagne-lequipe","status":"publish","type":"post","link":"https:\/\/www.europesays.com\/fr\/660519\/","title":{"rendered":"Raphinha en majest\u00e9, Xabi Alonso encore sous pression : la presse espagnole diss\u00e8que la finale de la Supercoupe d&#039;Espagne &#8211; L&#039;\u00c9quipe"},"content":{"rendered":"<ol>\n<li><a href=\"https:\/\/news.google.com\/rss\/articles\/CBMijAJBVV95cUxOYmNWWmtMZDZBbEkzS2VYOXZFdWlycThUeXM3R3BWNFFwdlZ6UE10c203Uk5xbElpaFdlVVRwX1JXZ1FnUjdXZDh2M05jQndtT292UWJPckpBWXU1eHdtaGVoekRvT3lJNlI5UmpXLWVuNnhNdDRzWnk3bGlvcGF2OXlreUxnMTJpMDlLcHJiSUp1Wl84Q2tzNThoLUZ2U19YZTVYenZmUGlzSHVScnhIZndPTmN3OHBpSGZvcGgxVHNTdXhRR21aNzlUSjVibXZ3N3pILUplQ2JKd2E0T0xhSGRCRU9ScDlnRno1cGNabExFQ3VkT2FCYmRKbng2NFpBcE55LXJMN0tCNVV5?oc=5\" target=\"_blank\" rel=\"noopener\">Raphinha en majest\u00e9, Xabi Alonso encore sous pression : la presse espagnole diss\u00e8que la finale de la Supercoupe d&rsquo;Espagne<\/a>&nbsp;&nbsp;L&rsquo;\u00c9quipe<\/li>\n<li><a href=\"https:\/\/news.google.com\/rss\/articles\/CBMi7gFBVV95cUxOTG1naHZxQUF6LWtqODZZVUFmZGV3RzZGRV8tQUFwQWpWc2UzeUlGdXJJZWR5cHNXMmZDNGg5TDRRWDRWcmRraDVjZ0pJeGVBVFhMWTBvZTV3X1Qzc3FjUncwSzJHV1RNcFpwME5ITl94S09MeHo5bXdJZVRNY2ZlYXB5VzQ0SE9vS3Rhemhia0hsSUV0YTJLMFJTWktocjZjSFhfdEhUd2RTeXc2Y1lxZkVwRkZlV2stWTN2U0otcTctNFJvVDBPMXBJSG5fVEZTUW80ampzU1RwSXBXNlZ1UGFhcVVfQ25pOUFMSHFB?oc=5\" target=\"_blank\" rel=\"noopener\">Real Madrid &#8211; FC Barcelone : Le Bar\u00e7a s&rsquo;impose apr\u00e8s un nouveau classico de folie, Mbapp\u00e9 impuissant<\/a>&nbsp;&nbsp;20 Minutes<\/li>\n<li><a href=\"https:\/\/news.google.com\/rss\/articles\/CBMiigFBVV95cUxPZVFNYUwzYmpLT3NoSklfUFRKNXhuTE5UcDUzN083ZjJDUzJHVk85QzR3bjNKQXd3ZElIdXU5d3A3bURKeXBfdUZGOWQ2eU9xam1OajZTS25sVzg1aDBxeHgwTmRfazU4cXBkMDlLRDVLQjRsWURXSTlnb0kzd3pySkNQWk9XM0tWX0E?oc=5\" target=\"_blank\" rel=\"noopener\">FC Barcelone, probl\u00e8me identifi\u00e9<\/a>&nbsp;&nbsp;Sports.fr<\/li>\n<li><a href=\"https:\/\/news.google.com\/rss\/articles\/CBMixwFBVV95cUxNOFNyeGxBQjZnbDhoY1hDNXlOYmhaUHk2dlBfZk0xT0QwV0paSV8tTEZTZThnakg4TGJxb1NXQnBvdXBxZnl4Y3lKS2Q0aVhRRlNTMlRaMjVfbGRpbWtQWjFZdTZNd3JHYzNocFo4REx3TTY4YUxZM2RVQW1YNGdjMC1SZzduMzhQcHIydjlFSlFwWFp6VDJpLXZFX3BBRkxBb1V1bHRwejZjMFNReDhpWHVUMmdCcDV4N3VNeC1rTTc4TGZzTXVJ?oc=5\" target=\"_blank\" rel=\"noopener\">[Podcasts] L&rsquo;int\u00e9grale de L&rsquo;After Foot du lundi 12 janvier 2026<\/a>&nbsp;&nbsp;RMC Sport<\/li>\n<li><a href=\"https:\/\/news.google.com\/rss\/articles\/CBMi4gFBVV95cUxNUXBPWVJyQVNYTHZsVVNrX05VemhTSWc3OHFDRmVHRXFDNnl4YTM2aW5FR1pvRDZJZ1E4Yk9tazUtUS1OZWcwUkVWbUVJZ0g4VklvdzU5LTNoYzE4MGVmVDVtbzRKOGVxeW4yRmNBMHFDck5rZ0Z0UUFzNVhaemd2b05sakpxdkdaQVFabzNPLXRjVlBpaVJEc0UxQndDSEpnM3lkdlVRdDNQckE0eTVkTFRadmNkVF9qelFUV0NwZXVHOUtLa0ROUGRXdDR5clh1em1ZM0NrRDB0cnVLLVFUb0RR0gHnAUFVX3lxTE93clRyc1V2QXpMcW1YX0lQV19oZDNqT3FoZnZhbU5CZ1ltd01TS2VuVkQ0RmdqSm9vT0YyUEh6VkZDWTk4RFVFQXlwdnBIcWdyVUxnc0s1ZVhTLTc2SmcyUENKODZ4RFNET1huQ0xNNGY2OUlGXzBraFl6UC01b3RHREJzR1J6UzFNT3RCSWljalFXazRlay1QakZrS3FkWTl5dWtkT090c2k4RTZkaEdObFRBOEVONjdlem56dF9ENUJXRWQwSklkbkdDNzdYRENfMGpuVFU3RzRxcXhMUldxcFBVVGJOTQ?oc=5\" target=\"_blank\" rel=\"noopener\">Comment Hansi Flick a r\u00e9ussi \u00e0 retenir Raphinha au Bar\u00e7a<\/a>&nbsp;&nbsp;Boursorama<\/li>\n<\/ol>\n","protected":false},"excerpt":{"rendered":"Raphinha en majest\u00e9, Xabi Alonso encore sous pression : la presse espagnole diss\u00e8que la finale de la Supercoupe&hellip;\n","protected":false},"author":2,"featured_media":72028,"comment_status":"","ping_status":"","sticky":false,"template":"","format":"standard","meta":{"footnotes":""},"categories":[2],"tags":[11,1011,27,12,25],"class_list":{"0":"post-660519","1":"post","2":"type-post","3":"status-publish","4":"format-standard","5":"has-post-thumbnail","7":"category-actualites","8":"tag-actualites","9":"tag-fr","10":"tag-france","11":"tag-news","12":"tag-republique-francaise"},"share_on_mastodon":{"url":"https:\/\/pubeurope.com\/@fr\/115887609112592602","error":""},"_links":{"self":[{"href":"https:\/\/www.europesays.com\/fr\/wp-json\/wp\/v2\/posts\/660519","targetHints":{"allow":["GET"]}}],"collection":[{"href":"https:\/\/www.europesays.com\/fr\/wp-json\/wp\/v2\/posts"}],"about":[{"href":"https:\/\/www.europesays.com\/fr\/wp-json\/wp\/v2\/types\/post"}],"author":[{"embeddable":true,"href":"https:\/\/www.europesays.com\/fr\/wp-json\/wp\/v2\/users\/2"}],"replies":[{"embeddable":true,"href":"https:\/\/www.europesays.com\/fr\/wp-json\/wp\/v2\/comments?post=660519"}],"version-history":[{"count":0,"href":"https:\/\/www.europesays.com\/fr\/wp-json\/wp\/v2\/posts\/660519\/revisions"}],"wp:featuredmedia":[{"embeddable":true,"href":"https:\/\/www.europesays.com\/fr\/wp-json\/wp\/v2\/media\/72028"}],"wp:attachment":[{"href":"https:\/\/www.europesays.com\/fr\/wp-json\/wp\/v2\/media?parent=660519"}],"wp:term":[{"taxonomy":"category","embeddable":true,"href":"https:\/\/www.europesays.com\/fr\/wp-json\/wp\/v2\/categories?post=660519"},{"taxonomy":"post_tag","embeddable":true,"href":"https:\/\/www.europesays.com\/fr\/wp-json\/wp\/v2\/tags?post=660519"}],"curies":[{"name":"wp","href":"https:\/\/api.w.org\/{rel}","templated":true}]}}