{"id":660524,"date":"2026-01-13T11:51:22","date_gmt":"2026-01-13T11:51:22","guid":{"rendered":"https:\/\/www.europesays.com\/fr\/660524\/"},"modified":"2026-01-13T11:51:22","modified_gmt":"2026-01-13T11:51:22","slug":"veloxygene90-distribue-gilets-lumieres-et-catadioptres","status":"publish","type":"post","link":"https:\/\/www.europesays.com\/fr\/660524\/","title":{"rendered":"Veloxygene90 distribue gilets, lumi\u00e8res et catadioptres"},"content":{"rendered":"<p>120 brassards, 118 lumi\u00e8res (avant et arri\u00e8re), 105 gilets et 180 catadioptres. Fin d\u00e9cembre, les dons de l\u2019association Veloxygene90 se comptaient par centaines. Du mat\u00e9riel offert dans l\u2019objectif d\u2019am\u00e9liorer l\u2019\u00e9clairage et par cons\u00e9quent la visibilit\u00e9 des deux-roues. Une nouvelle ann\u00e9e, l\u2019association cycliste a tent\u00e9 de r\u00e9soudre ce mal avec des ateliers entam\u00e9s d\u00e8s le mois d\u2019octobre pour diagnostiquer les v\u00e9los probl\u00e9matiques et distribuer du mat\u00e9riel.<br \/>Le dernier de la saison se tient ce mardi 13 janvier \u00e0 16 h 30 \u00e0 Belfort, pr\u00e8s du cin\u00e9ma, au niveau de la place Jeanine Bazin.<\/p>\n<p>  Quatre \u00e9l\u00e9ments obligatoires<\/p>\n<p>\u00ab Les gens n\u2019ont pas conscience de ne pas \u00eatre suffisamment \u00e9clair\u00e9s \u00bb. Pour la pr\u00e9sidente de Veloxyg\u00e8ne90 \u00c9velyne Petit, les raisons d\u2019un mauvais \u00e9clairage (ou de son absence) sont multiples. \u00c9conomique parfois, avec des v\u00e9los vendus sans \u00e9clairage ou encore le \u00ab manque de motivation d\u2019un rachat apr\u00e8s un vol \u00bb. Parfois par n\u00e9gligence. Au total, \u00ab un tiers des personnes \u00e0 v\u00e9lo sont mal \u00e9clair\u00e9es \u00bb m\u00eame si la \u00ab situation s\u2019am\u00e9liore \u00bb.<br \/>Pour rappel, selon la loi, quatre \u00e9l\u00e9ments sont obligatoires sur un v\u00e9lo : \u00e0 l\u2019arri\u00e8re un ou plusieurs catadioptres de couleur rouge, sur le c\u00f4t\u00e9 des catadioptres orange visibles ou des pneus munis de dispositifs r\u00e9tror\u00e9fl\u00e9chissants homologu\u00e9s, \u00e0 l\u2019avant un catadioptre blanc visible et enfin, sur les p\u00e9dales, des catadioptres de couleur orang\u00e9e. En cas d\u2019infraction, l\u2019amende peut monter jusqu\u2018\u00e0 38 \u20ac.<\/p>\n<p>  Les livreurs cibl\u00e9s<\/p>\n<p>\u00c0 l\u2019occasion de cet ultime atelier, les cyclistes peuvent venir faire un diagnostic de l\u2019\u00e9clairage de leur v\u00e9lo. Gr\u00e2ce \u00e0 des financements venus de la Ville de Belfort, du conseil d\u00e9partemental, de la pr\u00e9fecture et de la Pr\u00e9vention routi\u00e8re, les \u00e9quipements n\u00e9cessaires sont offerts avec une cible prioritaire : \u00ab On essaie de toucher les livreurs \u00e0 v\u00e9lo \u00bb. Un public souvent dans la pr\u00e9carit\u00e9.<\/p>\n","protected":false},"excerpt":{"rendered":"120 brassards, 118 lumi\u00e8res (avant et arri\u00e8re), 105 gilets et 180 catadioptres. Fin d\u00e9cembre, les dons de l\u2019association&hellip;\n","protected":false},"author":2,"featured_media":660525,"comment_status":"","ping_status":"","sticky":false,"template":"","format":"standard","meta":{"footnotes":""},"categories":[1411],"tags":[22758,22759,1154,207,10332,1011,27,104,60,1631],"class_list":{"0":"post-660524","1":"post","2":"type-post","3":"status-publish","4":"format-standard","5":"has-post-thumbnail","7":"category-cyclisme","8":"tag-belfort","9":"tag-belfort-ville-90a","10":"tag-cycling","11":"tag-cyclisme","12":"tag-edition-belfort-hericourt-montbeliard","13":"tag-fr","14":"tag-france","15":"tag-societe","16":"tag-sports","17":"tag-vie-associative"},"share_on_mastodon":{"url":"https:\/\/pubeurope.com\/@fr\/115887648557818242","error":""},"_links":{"self":[{"href":"https:\/\/www.europesays.com\/fr\/wp-json\/wp\/v2\/posts\/660524","targetHints":{"allow":["GET"]}}],"collection":[{"href":"https:\/\/www.europesays.com\/fr\/wp-json\/wp\/v2\/posts"}],"about":[{"href":"https:\/\/www.europesays.com\/fr\/wp-json\/wp\/v2\/types\/post"}],"author":[{"embeddable":true,"href":"https:\/\/www.europesays.com\/fr\/wp-json\/wp\/v2\/users\/2"}],"replies":[{"embeddable":true,"href":"https:\/\/www.europesays.com\/fr\/wp-json\/wp\/v2\/comments?post=660524"}],"version-history":[{"count":0,"href":"https:\/\/www.europesays.com\/fr\/wp-json\/wp\/v2\/posts\/660524\/revisions"}],"wp:featuredmedia":[{"embeddable":true,"href":"https:\/\/www.europesays.com\/fr\/wp-json\/wp\/v2\/media\/660525"}],"wp:attachment":[{"href":"https:\/\/www.europesays.com\/fr\/wp-json\/wp\/v2\/media?parent=660524"}],"wp:term":[{"taxonomy":"category","embeddable":true,"href":"https:\/\/www.europesays.com\/fr\/wp-json\/wp\/v2\/categories?post=660524"},{"taxonomy":"post_tag","embeddable":true,"href":"https:\/\/www.europesays.com\/fr\/wp-json\/wp\/v2\/tags?post=660524"}],"curies":[{"name":"wp","href":"https:\/\/api.w.org\/{rel}","templated":true}]}}