{"id":660526,"date":"2026-01-13T11:52:10","date_gmt":"2026-01-13T11:52:10","guid":{"rendered":"https:\/\/www.europesays.com\/fr\/660526\/"},"modified":"2026-01-13T11:52:10","modified_gmt":"2026-01-13T11:52:10","slug":"om-gouiri-defend-aubameyang","status":"publish","type":"post","link":"https:\/\/www.europesays.com\/fr\/660526\/","title":{"rendered":"OM : Gouiri d\u00e9fend Aubameyang"},"content":{"rendered":"<p>Absent plusieurs mois en raison de sa blessure \u00e0 l\u2019\u00e9paule, <a href=\"https:\/\/www.footmercato.net\/joueur\/amine-gouiri\/\" target=\"_blank\" rel=\"noopener\">Amine Gouiri<\/a> a fait son retour avec l\u2019OM en d\u00e9but d\u2019ann\u00e9e 2026, avec deux apparitions contre Nantes puis le PSG. Mais c\u2019est du banc qu\u2019il a aper\u00e7u Pierre-Emerick Aubameyang, qui l\u2019avait remplac\u00e9, rater l\u2019occasion du 3-1, qui s\u2019est transform\u00e9 en 2-2 lors du Troph\u00e9e des Champions. Critiqu\u00e9 pour sa mauvaise gestion de ce moment, Aubameyang peut compter sur le soutien de son partenaire offensif. <\/p>\n<p>            La suite apr\u00e8s cette publicit\u00e9<\/p>\n<p>\u00ab La derni\u00e8re action, c\u2019est d\u00e9licat. S\u2019il marque, il plie le match et tout est r\u00e9gl\u00e9. Malheureusement, ils r\u00e9cup\u00e8rent et marquent. Ce n\u2019est pas de sa faute parce que s\u2019il marque, c\u2019est fini. Il se sent touch\u00e9 parce qu\u2019on \u00e9tait \u00e0 une minute du troph\u00e9e, c\u2019est le football \u00bb, a lanc\u00e9 Amine Gouiri en conf\u00e9rence de presse \u00e0 la veille <a href=\"https:\/\/www.footmercato.net\/live\/6745433655432342472-bayeux-vs-marseille\" target=\"_blank\" rel=\"noopener\">du 16e de finale de Coupe de France contre Bayeux (21h)<\/a>. \u00ab Je suis tr\u00e8s content d\u2019\u00eatre \u00e0 ses c\u00f4t\u00e9s. J\u2019apprends beaucoup de lui. On peut jouer ensemble. Il me conseille beaucoup \u00bb, a-t-il conclu.<\/p>\n<p>\n    Pub. le 12\/01\/2026 14:27<br \/>\n            &#8211; MAJ le 13\/01\/2026 10:33\n    <\/p>\n","protected":false},"excerpt":{"rendered":"Absent plusieurs mois en raison de sa blessure \u00e0 l\u2019\u00e9paule, Amine Gouiri a fait son retour avec l\u2019OM&hellip;\n","protected":false},"author":2,"featured_media":615686,"comment_status":"","ping_status":"","sticky":false,"template":"","format":"standard","meta":{"footnotes":""},"categories":[1410],"tags":[63,1011,27,60],"class_list":{"0":"post-660526","1":"post","2":"type-post","3":"status-publish","4":"format-standard","5":"has-post-thumbnail","7":"category-football","8":"tag-football","9":"tag-fr","10":"tag-france","11":"tag-sports"},"share_on_mastodon":{"url":"https:\/\/pubeurope.com\/@fr\/115887652440445657","error":""},"_links":{"self":[{"href":"https:\/\/www.europesays.com\/fr\/wp-json\/wp\/v2\/posts\/660526","targetHints":{"allow":["GET"]}}],"collection":[{"href":"https:\/\/www.europesays.com\/fr\/wp-json\/wp\/v2\/posts"}],"about":[{"href":"https:\/\/www.europesays.com\/fr\/wp-json\/wp\/v2\/types\/post"}],"author":[{"embeddable":true,"href":"https:\/\/www.europesays.com\/fr\/wp-json\/wp\/v2\/users\/2"}],"replies":[{"embeddable":true,"href":"https:\/\/www.europesays.com\/fr\/wp-json\/wp\/v2\/comments?post=660526"}],"version-history":[{"count":0,"href":"https:\/\/www.europesays.com\/fr\/wp-json\/wp\/v2\/posts\/660526\/revisions"}],"wp:featuredmedia":[{"embeddable":true,"href":"https:\/\/www.europesays.com\/fr\/wp-json\/wp\/v2\/media\/615686"}],"wp:attachment":[{"href":"https:\/\/www.europesays.com\/fr\/wp-json\/wp\/v2\/media?parent=660526"}],"wp:term":[{"taxonomy":"category","embeddable":true,"href":"https:\/\/www.europesays.com\/fr\/wp-json\/wp\/v2\/categories?post=660526"},{"taxonomy":"post_tag","embeddable":true,"href":"https:\/\/www.europesays.com\/fr\/wp-json\/wp\/v2\/tags?post=660526"}],"curies":[{"name":"wp","href":"https:\/\/api.w.org\/{rel}","templated":true}]}}