{"id":660527,"date":"2026-01-13T11:53:13","date_gmt":"2026-01-13T11:53:13","guid":{"rendered":"https:\/\/www.europesays.com\/fr\/660527\/"},"modified":"2026-01-13T11:53:13","modified_gmt":"2026-01-13T11:53:13","slug":"bonsoir-mes-amis-george-clooney-officialise-sa-nationalite-francaise-aux-golden-globes-2026","status":"publish","type":"post","link":"https:\/\/www.europesays.com\/fr\/660527\/","title":{"rendered":"\u00ab\u00a0Bonsoir mes amis\u00a0\u00bb : George Clooney officialise sa nationalit\u00e9 fran\u00e7aise aux Golden Globes 2026"},"content":{"rendered":"<p>Chlo\u00e9 Valmaryle 12 janvier 2026<\/p>\n<p class=\"bg33va_introductionFragment e7nApa_article-spacing e7nApa_module-spacing\">George Clooney est bel et bien fran\u00e7ais ! Et il l\u2019a prouv\u00e9 lors de la c\u00e9r\u00e9monie des Golden Globes 2026, diffus\u00e9e la nuit derni\u00e8re en direct de Los Angeles sur CANAL+. On vous laisse appr\u00e9cier ce moment.<\/p>\n<p>Golden Globes 2026 : George Clooney fait le show en fran\u00e7ais<\/p>\n<p>La nuit derni\u00e8re \u00e0 Los Angeles, tous les regards de l\u2019industrie \u00e9taient riv\u00e9s sur la c\u00e9r\u00e9monie des <strong><a href=\"https:\/\/www.canalplus.com\/goldenglobes\/\" target=\"_blank\" rel=\"noopener\">Golden Globes 2026<\/a><\/strong>, diffus\u00e9e en direct sur CANAL+. Chaque ann\u00e9e, elle r\u00e9compense les meilleurs films et les meilleures s\u00e9ries de l\u2019an pass\u00e9, et fait office de tr\u00e8s bon indicateur pour les Oscars.<\/p>\n<p>Pour remettre le dernier prix de la soir\u00e9e, le Golden Globe du meilleur film dans la cat\u00e9gorie \u00ab\u00a0drame\u00a0\u00bb, c\u2019est George Clooney (qui \u00e9tait par ailleurs nomm\u00e9 en tant que meilleur acteur pour JAY KELLY), qui s\u2019est avanc\u00e9 au pupitre.<\/p>\n<p>Et, \u00e0 la surprise g\u00e9n\u00e9rale, il a d\u00e9but\u00e9 son discours en\u2026 fran\u00e7ais ! Un charmant clin d\u2019\u0153il \u00e0 sa nouvelle nationalit\u00e9, puisqu\u2019il a \u00e9t\u00e9 naturalis\u00e9 fran\u00e7ais le 26 d\u00e9cembre dernier, avec sa femme, Amal Clooney, et leurs jumeaux, Ella et Alexander.<\/p>\n<p>Pour rappel, George Clooney et sa famille ont acquis en 2021 une bastide proven\u00e7ale avec vignoble \u00e0 Brignoles, dans le Var, o\u00f9 ils r\u00e9sident une partie de l\u2019ann\u00e9e et o\u00f9 leurs enfants sont scolaris\u00e9s.<\/p>\n<p>Il avait expliqu\u00e9 privil\u00e9gier la France parce qu\u2019il y trouve un environnement plus paisible pour \u00e9lever ses enfants, \u00e0 l\u2019abri des paparazzis, tout en disant son attachement \u00e0 la culture et \u00e0 la langue fran\u00e7aises, m\u00eame s\u2019il reconna\u00eet les parler \u00ab tr\u00e8s mal \u00bb malgr\u00e9 de nombreux cours.<\/p>\n<p>Effectivement, apr\u00e8s son discours, on ne peut que confirmer le diagnostic : la prononciation laisse encore \u00e0 d\u00e9sirer.<\/p>\n<p>George Clooney se fait roaster par Don Cheadle<\/p>\n<p>Apr\u00e8s avoir s\u00e9duit l&rsquo;auditoire avec ses quelques mots en fran\u00e7ais, George Clooney (qui m\u00e9riterait presque que l&rsquo;on rajoute un \u00ab\u00a0s\u00a0\u00bb \u00e0 son pr\u00e9nom), a \u00e9t\u00e9 rejoint sur sc\u00e8ne par son ami et coll\u00e8gue Don Cheadle.<\/p>\n<p>On rappelle que les deux com\u00e9diens font partie de la bande de la saga OCEAN&rsquo;S, et qu&rsquo;ils se retrouveront bient\u00f4t pour d\u00e9buter le tournage du tr\u00e8s attendu OCEAN&rsquo;S 14.<\/p>\n<p>Si l&rsquo;adage \u00ab\u00a0qui aime bien, ch\u00e2tie bien\u00a0\u00bb est vrai, alors on ne peut qu&rsquo;imaginer \u00e0 quel point Don Cheadle aime bien George Clooney.<\/p>\n<p>En effet, ce dernier a eu droit \u00e0 un costume taill\u00e9 sur mesure par son ami, qui n&rsquo;a pas h\u00e9sit\u00e9 \u00e0 lui rappeler que la derni\u00e8re fois qu&rsquo;il a remport\u00e9 un Golden Globe, Timoth\u00e9e Chalamet avait 3 ans (ce qui est factuellement faux puisque George Clooney a remport\u00e9 en 2012 le Golden Globe du meilleur acteur pour THE DESCENDANTS).<\/p>\n<p>\u00a0<\/p>\n","protected":false},"excerpt":{"rendered":"Chlo\u00e9 Valmaryle 12 janvier 2026 George Clooney est bel et bien fran\u00e7ais ! Et il l\u2019a prouv\u00e9 lors&hellip;\n","protected":false},"author":2,"featured_media":660528,"comment_status":"","ping_status":"","sticky":false,"template":"","format":"standard","meta":{"footnotes":""},"categories":[1359],"tags":[58,59,1011,27,973],"class_list":{"0":"post-660527","1":"post","2":"type-post","3":"status-publish","4":"format-standard","5":"has-post-thumbnail","7":"category-people","8":"tag-divertissement","9":"tag-entertainment","10":"tag-fr","11":"tag-france","12":"tag-people"},"share_on_mastodon":{"url":"https:\/\/pubeurope.com\/@fr\/115887656318504645","error":""},"_links":{"self":[{"href":"https:\/\/www.europesays.com\/fr\/wp-json\/wp\/v2\/posts\/660527","targetHints":{"allow":["GET"]}}],"collection":[{"href":"https:\/\/www.europesays.com\/fr\/wp-json\/wp\/v2\/posts"}],"about":[{"href":"https:\/\/www.europesays.com\/fr\/wp-json\/wp\/v2\/types\/post"}],"author":[{"embeddable":true,"href":"https:\/\/www.europesays.com\/fr\/wp-json\/wp\/v2\/users\/2"}],"replies":[{"embeddable":true,"href":"https:\/\/www.europesays.com\/fr\/wp-json\/wp\/v2\/comments?post=660527"}],"version-history":[{"count":0,"href":"https:\/\/www.europesays.com\/fr\/wp-json\/wp\/v2\/posts\/660527\/revisions"}],"wp:featuredmedia":[{"embeddable":true,"href":"https:\/\/www.europesays.com\/fr\/wp-json\/wp\/v2\/media\/660528"}],"wp:attachment":[{"href":"https:\/\/www.europesays.com\/fr\/wp-json\/wp\/v2\/media?parent=660527"}],"wp:term":[{"taxonomy":"category","embeddable":true,"href":"https:\/\/www.europesays.com\/fr\/wp-json\/wp\/v2\/categories?post=660527"},{"taxonomy":"post_tag","embeddable":true,"href":"https:\/\/www.europesays.com\/fr\/wp-json\/wp\/v2\/tags?post=660527"}],"curies":[{"name":"wp","href":"https:\/\/api.w.org\/{rel}","templated":true}]}}