{"id":660529,"date":"2026-01-13T11:56:33","date_gmt":"2026-01-13T11:56:33","guid":{"rendered":"https:\/\/www.europesays.com\/fr\/660529\/"},"modified":"2026-01-13T11:56:33","modified_gmt":"2026-01-13T11:56:33","slug":"les-12-coups-de-midi-desagreable-cyprien-balance-sur-un-membre-de-la-production-sur-tf1","status":"publish","type":"post","link":"https:\/\/www.europesays.com\/fr\/660529\/","title":{"rendered":"Les 12 coups de midi\u00a0: \u00ab\u00a0D\u00e9sagr\u00e9able\u00a0!\u00a0\u00bb Cyprien balance sur un membre de la production sur TF1"},"content":{"rendered":"<p>\n\t\t\t\t\t\tPubli\u00e9 le 12\/01\/2026 \u00e0 09:45<\/p>\n<p><strong>Cyprien<\/strong> a surpris <strong>Jean-Luc Reichmann<\/strong> apr\u00e8s avoir balanc\u00e9 sur un membre de la production dans <strong> Les 12 coups de midi<\/strong>  sur TF1 ce dimanche 11 janvier 2026. Au cours du jeu, le ma\u00eetre de midi s\u2019est retrouv\u00e9 en danger\u2026<\/p>\n<p><strong>Cyprien<\/strong> \u00e9tait de retour pour une 114e participation dans <a href=\"https:\/\/toutelatele.ouest-france.fr\/les-12-coups-de-midi-690\" target=\"_blank\" rel=\"noopener\"><strong> Les 12 coups de midi<\/strong> <\/a> sur TF1 ce dimanche 11 janvier 2026. Dans ce nouveau num\u00e9ro du jeu anim\u00e9 par <strong>Jean-Luc Reichmann<\/strong>, le ma\u00eetre de midi \u00e9tait confront\u00e9 \u00e0 <strong>Thierry<\/strong>, <strong>Oph\u00e9lie<\/strong> et <strong>Karamadi<\/strong>. La partie n\u2019a pas \u00e9t\u00e9 de tout repos pour le chef d\u2019orchestre.<\/p>\n<p>En effet, lors de la premi\u00e8re et de la seconde manche, Cyprien, <a href=\"https:\/\/toutelatele.ouest-france.fr\/les-12-coups-de-midi-cyprien-emu-ce-cap-symbolique-qu-il-vient-de-franchir-sur-tf1-182420\" class=\"spip_in\" target=\"_blank\" rel=\"noopener\">qui a r\u00e9cemment \u00e9t\u00e9 \u00e9mu<\/a>, s\u2019est retrouv\u00e9 en danger puisqu\u2019il a \u00e9t\u00e9 confront\u00e9 en duel. Mais le ma\u00eetre de midi est parvenu \u00e0 chaque fois \u00e0 r\u00e9pondre correctement \u00e0 la question. Lors du \u00ab\u00a0coup fatal\u00a0\u00bb, face \u00e0 Thierry, ils jouaient pour tenter de remporter 30 000 euros.<\/p>\n<p>Audience en baisse pour Les 12 coups de midi sur TF1<\/p>\n<p>Mais Thierry n\u2019a pas donn\u00e9 assez de bonnes r\u00e9ponses. Cyprien, <a href=\"https:\/\/toutelatele.ouest-france.fr\/les-12-coups-de-midi-je-n-ai-pas-du-tout-cette-logique-de-quiz-cyprien-devoile-sa-methode-pour-performer-dans-l-emission-182557\" class=\"spip_in\" target=\"_blank\" rel=\"noopener\">qui a r\u00e9cemment d\u00e9voil\u00e9 sa m\u00e9thode pour performer dans l\u2019\u00e9mission<\/a>, n\u2019a gagn\u00e9 que 30 euros et a domin\u00e9 son adversaire avec une avance de 44 secondes. Le ma\u00eetre de midi s\u2019est donc retrouv\u00e9 priv\u00e9 de proposition pour l\u2019\u00e9toile myst\u00e9rieuse, d\u2019une valeur de 27 138 euros. La cagnotte de Cyprien s\u2019\u00e9l\u00e8ve \u00e0 522 234 euros.<\/p>\n<p>C\u00f4t\u00e9 audience, cette \u00e9dition des <strong> 12 coups de midi<\/strong>  a r\u00e9uni 3,07 millions de t\u00e9l\u00e9spectateurs, soit 30,1% de part de march\u00e9 sur les quatre ans et plus, dont un pic \u00e0 4,4 millions. Sur une semaine, l\u2019\u00e9mission est en baisse de 1,3 point de part d\u2019audience. Sur les cibles commerciales, le jeu anim\u00e9 par Jean-Luc Reichmann a s\u00e9duit 27% des 25-34 ans et 25% aupr\u00e8s des 4-14 ans.<\/p>\n<p>Cyprien cash sur un membre de la production dans Les 12 coups de midi sur TF1<\/p>\n<p>Par ailleurs, en d\u00e9but d\u2019\u00e9mission, Jean-Luc Reichmann, <a href=\"https:\/\/toutelatele.ouest-france.fr\/les-12-coups-de-midi-cette-emission-est-insupportable-jean-luc-reichmann-recadre-face-a-cyprien-sur-tf1-182404\" class=\"spip_in\" target=\"_blank\" rel=\"noopener\">qui a \u00e9t\u00e9 recadr\u00e9<\/a>, a rappel\u00e9 que c\u2019\u00e9tait la journ\u00e9e du \u00ab\u00a0merci\u00a0\u00bb. De ce fait, Cyprien en a profit\u00e9 pour remercier tous les membres de la production (maquillage, coiffure\u2026) et cite plusieurs pr\u00e9noms.<\/p>\n<p>Puis, le ma\u00eetre de midi poursuit et balance sur un membre de la production charg\u00e9 du c\u00f4t\u00e9 plateau\u00a0: \u00ab\u00a0Merci \u00e0 Maxime qui m\u2019accompagne depuis des jours et qui est toujours aussi\u2026 d\u00e9sagr\u00e9able\u00a0!\u00a0\u00bb Cyprien finit par avouer qu\u2019il plaisante et \u00ab\u00a0l\u2019embrasse\u00a0\u00bb. Il remercie \u00e9galement Jean-Luc Reichmann.<\/p>\n<p>Cyprien tentera de conserver son rang de ma\u00eetre de midi ce lundi 12 janvier 2026 d\u00e8s 11h50 dans <strong> Les 12 coups de midi<\/strong>  sur TF1.<\/p>\n","protected":false},"excerpt":{"rendered":"Publi\u00e9 le 12\/01\/2026 \u00e0 09:45 Cyprien a surpris Jean-Luc Reichmann apr\u00e8s avoir balanc\u00e9 sur un membre de la&hellip;\n","protected":false},"author":2,"featured_media":660530,"comment_status":"","ping_status":"","sticky":false,"template":"","format":"standard","meta":{"footnotes":""},"categories":[1356],"tags":[58,59,1011,27,252,1364],"class_list":{"0":"post-660529","1":"post","2":"type-post","3":"status-publish","4":"format-standard","5":"has-post-thumbnail","7":"category-television","8":"tag-divertissement","9":"tag-entertainment","10":"tag-fr","11":"tag-france","12":"tag-television","13":"tag-tv"},"share_on_mastodon":{"url":"https:\/\/pubeurope.com\/@fr\/115887668227130316","error":""},"_links":{"self":[{"href":"https:\/\/www.europesays.com\/fr\/wp-json\/wp\/v2\/posts\/660529","targetHints":{"allow":["GET"]}}],"collection":[{"href":"https:\/\/www.europesays.com\/fr\/wp-json\/wp\/v2\/posts"}],"about":[{"href":"https:\/\/www.europesays.com\/fr\/wp-json\/wp\/v2\/types\/post"}],"author":[{"embeddable":true,"href":"https:\/\/www.europesays.com\/fr\/wp-json\/wp\/v2\/users\/2"}],"replies":[{"embeddable":true,"href":"https:\/\/www.europesays.com\/fr\/wp-json\/wp\/v2\/comments?post=660529"}],"version-history":[{"count":0,"href":"https:\/\/www.europesays.com\/fr\/wp-json\/wp\/v2\/posts\/660529\/revisions"}],"wp:featuredmedia":[{"embeddable":true,"href":"https:\/\/www.europesays.com\/fr\/wp-json\/wp\/v2\/media\/660530"}],"wp:attachment":[{"href":"https:\/\/www.europesays.com\/fr\/wp-json\/wp\/v2\/media?parent=660529"}],"wp:term":[{"taxonomy":"category","embeddable":true,"href":"https:\/\/www.europesays.com\/fr\/wp-json\/wp\/v2\/categories?post=660529"},{"taxonomy":"post_tag","embeddable":true,"href":"https:\/\/www.europesays.com\/fr\/wp-json\/wp\/v2\/tags?post=660529"}],"curies":[{"name":"wp","href":"https:\/\/api.w.org\/{rel}","templated":true}]}}