{"id":660531,"date":"2026-01-13T11:57:21","date_gmt":"2026-01-13T11:57:21","guid":{"rendered":"https:\/\/www.europesays.com\/fr\/660531\/"},"modified":"2026-01-13T11:57:21","modified_gmt":"2026-01-13T11:57:21","slug":"go-min-si-prise-pour-cible-par-des-armys-apres-avoir-choisi-newjeans-plutot-que-bts","status":"publish","type":"post","link":"https:\/\/www.europesays.com\/fr\/660531\/","title":{"rendered":"Go Min Si prise pour cible par des ARMYs apr\u00e8s avoir choisi NewJeans plut\u00f4t que BTS"},"content":{"rendered":"<p>L\u2019actrice Go Min Si re\u00e7oit actuellement <strong>de nombreux commentaires n\u00e9gatifs sur les r\u00e9seaux sociaux. <\/strong>Connue pour ses r\u00f4les dans les K-dramas Sweet Home et Love Alarm, elle se retrouve sous le feu des critiques <strong>pour une raison inattendue<\/strong>.<\/p>\n<p>Depuis quelques jours, <strong>une interview de l\u2019actrice refait surface<\/strong> et attire de nouveau l\u2019attention. Ainsi, <strong>certains fans de BTS prennent Min Si pour cible<\/strong>.<\/p>\n<p><img loading=\"lazy\" decoding=\"async\" width=\"900\" height=\"600\" src=\"https:\/\/www.europesays.com\/fr\/wp-content\/uploads\/2026\/01\/Go-Min-Si-insiste-sur-le-fait-que-les-rumeurs-ont-profondement-affecte-sa-vie.jpg\" alt=\"Go Min Si prise pour cible par des ARMYs apr\u00e8s avoir choisi NewJeans plut\u00f4t que BTS\" class=\"wp-image-266542 lazyload\" title=\"Go Min Si prise pour cible par des ARMYs apr\u00e8s avoir choisi NewJeans plut\u00f4t que BTS\"  \/>Une interview de DAZED remise en lumi\u00e8re<\/p>\n<p>Cette interview date de 2023 et provient d\u2019un entretien accord\u00e9 \u00e0 DAZED Korea. Lors de cette discussion, <strong>une question lui demandait de choisir entre BTS et NewJeans<\/strong>. Go Min Si avait alors r\u00e9pondu imm\u00e9diatement devant la cam\u00e9ra.<\/p>\n<p>Elle avait souri et parl\u00e9 du groupe de mani\u00e8re positive. De plus, elle avait partag\u00e9 un souvenir li\u00e9 \u00e0 une rencontre pass\u00e9e avec les membres.<\/p>\n<p><strong>\u00ab\u202fNewJeans\u202f! J\u2019aime vraiment beaucoup NewJeans. J\u2019aime aussi \u00e9couter leurs nouvelles chansons. Je les ai rencontr\u00e9es pour la premi\u00e8re fois lorsque j\u2019\u00e9tais pr\u00e9sentatrice et que je leur ai remis leur prix lors des MMA 2022. Elles \u00e9taient adorables, innocentes, pures, mignonnes et vraiment craquantes.\u202f\u00bb<\/strong><\/p>\n<p><img loading=\"lazy\" decoding=\"async\" width=\"1000\" height=\"642\" src=\"https:\/\/www.europesays.com\/fr\/wp-content\/uploads\/2026\/01\/Go-Min-Si-dans-la-tourmente-Mystic-Story-dement-les-accusations-de-harcelement-scolaire.jpg\" alt=\"Go Min Si prise pour cible par des ARMYs apr\u00e8s avoir choisi NewJeans plut\u00f4t que BTS\" class=\"wp-image-247081 lazyload\" title=\"Go Min Si prise pour cible par des ARMYs apr\u00e8s avoir choisi NewJeans plut\u00f4t que BTS\"  \/>Une r\u00e9ponse qui suscite des r\u00e9actions n\u00e9gatives<\/p>\n<p><strong>Deux ans plus tard, des extraits de cette interview circulent largement<\/strong> sur les r\u00e9seaux sociaux. Cette r\u00e9ponse attire donc de nouveau l\u2019attention et <strong>provoque des r\u00e9actions n\u00e9gatives chez certains fans de BTS<\/strong>. Plusieurs messages haineux apparaissent sous ses publications, notamment sur Instagram.<\/p>\n<p>Parmi ces messages, certains internautes \u00e9crivent\u00a0: \u00ab\u202fElle n\u2019est pas la meilleure amie de Min Hee Jin\u202f?\u202f\u00bb. D\u2019autres commentent\u00a0: \u00ab\u202fLes gens moches et inutiles d\u00e9testent toujours BTS.\u00a0\u00bb Un message indique aussi\u00a0: \u00ab\u202fLes personnes qui aiment le harc\u00e8lement sont elles-m\u00eames des harceleuses, haha.\u00a0\u00bb Un autre commentaire affirme\u00a0: \u00ab\u202fElle a \u00e9t\u00e9 accus\u00e9e d\u2019\u00eatre une harceleuse. Comme les idoles, comme leurs fans, des harceleuses et des menteuses.\u00a0\u00bb<\/p>\n<p><img loading=\"lazy\" decoding=\"async\" width=\"900\" height=\"600\" src=\"https:\/\/www.europesays.com\/fr\/wp-content\/uploads\/2026\/01\/Go-Min-Si-a-choisi-de-sexprimer-sur-les-accusations-de-harcelement-scolaire.webp.webp\" alt=\"Go Min Si prise pour cible par des ARMYs apr\u00e8s avoir choisi NewJeans plut\u00f4t que BTS\" class=\"wp-image-266541 lazyload\" title=\"Go Min Si prise pour cible par des ARMYs apr\u00e8s avoir choisi NewJeans plut\u00f4t que BTS\"  \/>Des internautes d\u00e9noncent ces attaques<\/p>\n<p>Face \u00e0 cette situation, <strong>de nombreux internautes r\u00e9agissent pour d\u00e9noncer ces messages<\/strong>. Une partie de la communaut\u00e9 K-pop <strong>critique ces propos jug\u00e9s excessifs<\/strong>. Certains rappellent alors <strong>que cette pol\u00e9mique repose uniquement sur une pr\u00e9f\u00e9rence personnelle<\/strong> exprim\u00e9e lors de l\u2019interview.<\/p>\n<p>Parmi ces r\u00e9actions, on peut lire\u00a0: \u00ab\u202fLes ARMYs vont encore transformer \u00e7a en une histoire ridicule de gaufres et de pancakes\u202f\u00bb. Un autre internaute \u00e9crit \u00e9galement\u00a0: \u00ab\u202fLes ARMYs l\u2019attaquent juste \u00e0 cause de sa pr\u00e9f\u00e9rence personnelle\u202f\u00bb.<\/p>\n<\/p>\n<p>Et vous, que pensez-vous de cette pol\u00e9mique ?<\/p>\n<p>  Si vous appr\u00e9ciez notre travail, vous pouvez nous soutenir en nous suivant sur Google :  <a href=\"https:\/\/profile.google.com\/cp\/EjwKHGFsdHNlbGVjdGlvbi5vdWVzdC1mcmFuY2UuZnISHGFsdHNlbGVjdGlvbi5vdWVzdC1mcmFuY2UuZnI\" target=\"_blank\" rel=\"noopener nofollow external\" style=\"&#010; display:inline-block !important;&#010; padding:12px 20px !important;&#010; background:#ff2d89 !important;&#010; color:#fff !important;&#010; border-radius:999px !important;&#010; font-weight:700 !important;&#010; text-decoration:none !important;&#010; line-height:1 !important;&#010; border:0 !important;&#010; box-shadow:0 6px 18px rgba(255,45,137,.25) !important;&#010; transition:transform .06s ease, box-shadow .2s ease !important;\"> Suivre sur Google News <\/a><\/p>\n","protected":false},"excerpt":{"rendered":"L\u2019actrice Go Min Si re\u00e7oit actuellement de nombreux commentaires n\u00e9gatifs sur les r\u00e9seaux sociaux. Connue pour ses r\u00f4les&hellip;\n","protected":false},"author":2,"featured_media":660532,"comment_status":"","ping_status":"","sticky":false,"template":"","format":"standard","meta":{"footnotes":""},"categories":[1355],"tags":[58,59,1011,27,1361,873],"class_list":{"0":"post-660531","1":"post","2":"type-post","3":"status-publish","4":"format-standard","5":"has-post-thumbnail","7":"category-musique","8":"tag-divertissement","9":"tag-entertainment","10":"tag-fr","11":"tag-france","12":"tag-music","13":"tag-musique"},"share_on_mastodon":{"url":"https:\/\/pubeurope.com\/@fr\/115887672549268154","error":""},"_links":{"self":[{"href":"https:\/\/www.europesays.com\/fr\/wp-json\/wp\/v2\/posts\/660531","targetHints":{"allow":["GET"]}}],"collection":[{"href":"https:\/\/www.europesays.com\/fr\/wp-json\/wp\/v2\/posts"}],"about":[{"href":"https:\/\/www.europesays.com\/fr\/wp-json\/wp\/v2\/types\/post"}],"author":[{"embeddable":true,"href":"https:\/\/www.europesays.com\/fr\/wp-json\/wp\/v2\/users\/2"}],"replies":[{"embeddable":true,"href":"https:\/\/www.europesays.com\/fr\/wp-json\/wp\/v2\/comments?post=660531"}],"version-history":[{"count":0,"href":"https:\/\/www.europesays.com\/fr\/wp-json\/wp\/v2\/posts\/660531\/revisions"}],"wp:featuredmedia":[{"embeddable":true,"href":"https:\/\/www.europesays.com\/fr\/wp-json\/wp\/v2\/media\/660532"}],"wp:attachment":[{"href":"https:\/\/www.europesays.com\/fr\/wp-json\/wp\/v2\/media?parent=660531"}],"wp:term":[{"taxonomy":"category","embeddable":true,"href":"https:\/\/www.europesays.com\/fr\/wp-json\/wp\/v2\/categories?post=660531"},{"taxonomy":"post_tag","embeddable":true,"href":"https:\/\/www.europesays.com\/fr\/wp-json\/wp\/v2\/tags?post=660531"}],"curies":[{"name":"wp","href":"https:\/\/api.w.org\/{rel}","templated":true}]}}