{"id":660535,"date":"2026-01-13T12:00:12","date_gmt":"2026-01-13T12:00:12","guid":{"rendered":"https:\/\/www.europesays.com\/fr\/660535\/"},"modified":"2026-01-13T12:00:12","modified_gmt":"2026-01-13T12:00:12","slug":"real-madrid-fc-barcelone-kylian-mbappe-auteur-dun-geste-antisportif-apres-la-defaite-en-supercoupe-despagne","status":"publish","type":"post","link":"https:\/\/www.europesays.com\/fr\/660535\/","title":{"rendered":"Real Madrid &#8211; FC Barcelone\u00a0: Kylian Mbapp\u00e9 auteur d\u2019un \u00ab\u00a0geste antisportif\u00a0\u00bb apr\u00e8s la d\u00e9faite en Supercoupe d\u2019Espagne\u00a0?"},"content":{"rendered":"<p>A quel point <a href=\"https:\/\/www.20minutes.fr\/sport\/kylian-mbappe\/\" class=\"c-link c-link--is-underlined\" target=\"_blank\" rel=\"noopener\">Kylian Mbapp\u00e9<\/a> est-il frustr\u00e9 par l\u2019incontestable h\u00e9g\u00e9monie du <a href=\"https:\/\/www.20minutes.fr\/sport\/fc_barcelone\/\" class=\"c-link c-link--is-underlined\" target=\"_blank\" rel=\"noopener\">FC Barcelone<\/a> depuis son arriv\u00e9e au <a href=\"https:\/\/www.20minutes.fr\/sport\/real_madrid\/\" class=\"c-link c-link--is-underlined\" target=\"_blank\" rel=\"noopener\">Real Madrid<\/a>\u00a0? Battu dimanche pour la cinqui\u00e8me fois en six Clasicos (dont 3\/3 lors de finales), le capitaine des Bleus, entr\u00e9 en jeu \u00e0 la 76e minute, n\u2019a pas pu inverser la tendance du <a href=\"https:\/\/www.20minutes.fr\/sport\/football\/4195211-20260111-direct-real-madrid-fc-barcelone-kylian-mbappe-retour-clasico-zinzin-suivez-finale-supercoupe-espagne\" class=\"c-link c-link--is-underlined\" target=\"_blank\" rel=\"noopener\">choc de la Supercoupe d\u2019Espagne<\/a>, encore remport\u00e9 par le Bar\u00e7a (3-2) \u00e0 Djeddah (<a href=\"https:\/\/www.20minutes.fr\/monde\/arabie_saoudite\/\" class=\"c-link c-link--is-underlined\" target=\"_blank\" rel=\"noopener\">Arabie saoudite<\/a>).<\/p>\n<\/p>\n<p>Et plusieurs m\u00e9dias espagnols pointent le comportement de l\u2019attaquant star du Real au moment des c\u00e9l\u00e9brations catalanes. L\u2019actuel meilleur buteur de la <a href=\"https:\/\/www.20minutes.fr\/sport\/liga\/\" class=\"c-link c-link--is-underlined\" target=\"_blank\" rel=\"noopener\">Liga<\/a> aurait en effet demand\u00e9 \u00e0 ses co\u00e9quipiers, Raul Asensio en t\u00eate, de ne pas effectuer la traditionnelle haie d\u2019honneur accompagnant la mont\u00e9e des champions sur le podium. S\u2019appuyant sur <a href=\"https:\/\/x.com\/Princeutd1P\/status\/2010577279500361933\" target=\"_blank\" class=\"c-link c-link--is-underlined\">des images diffus\u00e9es<\/a> par Movistar+\u00a0et Esport3, AS et la radio Onda Cero indiquent ainsi que le protocole ne s\u2019est pas d\u00e9roul\u00e9 comme pr\u00e9vu, en raison de l\u2019attitude du \u00ab\u00a0Kyk\u2019s\u00a0\u00bb.<\/p>\n<p>Xabi Alonso a exhort\u00e9 ses joueurs \u00e0 participer \u00e0 la c\u00e9r\u00e9monie<\/p>\n<p>Celui-ci aurait exhort\u00e9 ses co\u00e9quipiers \u00e0 quitter la zone menant au podium des c\u00e9l\u00e9brations, afin de ne pas rendre hommage \u00e0 la bande \u00e0 <a href=\"https:\/\/www.20minutes.fr\/sport\/football\/lamine-yamal\/\" class=\"c-link c-link--is-underlined\" target=\"_blank\" rel=\"noopener\">Lamine Yamal<\/a> et Raphinha, qui avait de son c\u00f4t\u00e9 salu\u00e9 juste avant les Madril\u00e8nes, venus r\u00e9cup\u00e9rer leur m\u00e9daille de finalistes. Ce possible refus volontaire a vite \u00e9t\u00e9 point\u00e9 par les supporteurs barcelonais sur les <a href=\"https:\/\/www.20minutes.fr\/dossier\/reseaux_sociaux\" class=\"c-link c-link--is-underlined\" target=\"_blank\" rel=\"noopener\">r\u00e9seaux sociaux<\/a> dimanche soir.<\/p>\n<p class=\"mb-m@xs text-l@xs\">En cliquant sur\u00ab J\u2019accepte \u00bb, vous acceptez le d\u00e9p\u00f4t de cookies par des services externes et aurez ainsi acc\u00e8s aux contenus de nos partenaires.<\/p>\n<p class=\"mb-xl@xs text-s@xs\">Plus d\u2019informations sur la page<a href=\"https:\/\/www.20minutes.fr\/gestion-cookies\" class=\"mx-xxs@xs color-ultramarine\" target=\"_blank\" rel=\"noopener\">Politique de gestion des cookies<\/a><\/p>\n<p>J\u2019accepte<\/p>\n<p>Apparu \u00e0 l\u2019\u00e9cran le visage tr\u00e8s ferm\u00e9, et d\u00e9cid\u00e9 d\u2019apr\u00e8s Onda Cero \u00e0 renvoyer toute son \u00e9quipe au vestiaire, Kylian Mbapp\u00e9 est \u00e9galement critiqu\u00e9 depuis dimanche soir par le quotidien catalan Sport. Celui-ci assure que <a href=\"https:\/\/www.20minutes.fr\/dossier\/xabi_alonso\" class=\"c-link c-link--is-underlined\" target=\"_blank\" rel=\"noopener\">Xabi Alonso<\/a> a d\u00fb insister aupr\u00e8s de ses joueurs, d\u00e8s le coup de sifflet final, pour qu\u2019ils rejoignent tous le podium de la c\u00e9r\u00e9monie. Le m\u00e9dia pro-Bar\u00e7a regrette ensuite le \u00ab\u00a0geste antisportif\u00a0\u00bb du buteur fran\u00e7ais. De quoi alimenter cette pol\u00e9mica \u00e0 m\u00eame d\u2019enflammer tout le football espagnol.<\/p>\n","protected":false},"excerpt":{"rendered":"A quel point Kylian Mbapp\u00e9 est-il frustr\u00e9 par l\u2019incontestable h\u00e9g\u00e9monie du FC Barcelone depuis son arriv\u00e9e au Real&hellip;\n","protected":false},"author":2,"featured_media":660536,"comment_status":"","ping_status":"","sticky":false,"template":"","format":"standard","meta":{"footnotes":""},"categories":[9],"tags":[4947,19981,123,5695,63,1011,27,6477,16748,453,4790,517,60,12380],"class_list":{"0":"post-660535","1":"post","2":"type-post","3":"status-publish","4":"format-standard","5":"has-post-thumbnail","7":"category-sports","8":"tag-arabie-saoudite","9":"tag-clasico","10":"tag-espagne","11":"tag-fc-barcelone","12":"tag-football","13":"tag-fr","14":"tag-france","15":"tag-kylian-mbappe","16":"tag-lamine-yamal","17":"tag-liga","18":"tag-real-madrid","19":"tag-sport","20":"tag-sports","21":"tag-xabi-alonso"},"share_on_mastodon":{"url":"https:\/\/pubeurope.com\/@fr\/115887683988525900","error":""},"_links":{"self":[{"href":"https:\/\/www.europesays.com\/fr\/wp-json\/wp\/v2\/posts\/660535","targetHints":{"allow":["GET"]}}],"collection":[{"href":"https:\/\/www.europesays.com\/fr\/wp-json\/wp\/v2\/posts"}],"about":[{"href":"https:\/\/www.europesays.com\/fr\/wp-json\/wp\/v2\/types\/post"}],"author":[{"embeddable":true,"href":"https:\/\/www.europesays.com\/fr\/wp-json\/wp\/v2\/users\/2"}],"replies":[{"embeddable":true,"href":"https:\/\/www.europesays.com\/fr\/wp-json\/wp\/v2\/comments?post=660535"}],"version-history":[{"count":0,"href":"https:\/\/www.europesays.com\/fr\/wp-json\/wp\/v2\/posts\/660535\/revisions"}],"wp:featuredmedia":[{"embeddable":true,"href":"https:\/\/www.europesays.com\/fr\/wp-json\/wp\/v2\/media\/660536"}],"wp:attachment":[{"href":"https:\/\/www.europesays.com\/fr\/wp-json\/wp\/v2\/media?parent=660535"}],"wp:term":[{"taxonomy":"category","embeddable":true,"href":"https:\/\/www.europesays.com\/fr\/wp-json\/wp\/v2\/categories?post=660535"},{"taxonomy":"post_tag","embeddable":true,"href":"https:\/\/www.europesays.com\/fr\/wp-json\/wp\/v2\/tags?post=660535"}],"curies":[{"name":"wp","href":"https:\/\/api.w.org\/{rel}","templated":true}]}}