{"id":660537,"date":"2026-01-13T12:01:24","date_gmt":"2026-01-13T12:01:24","guid":{"rendered":"https:\/\/www.europesays.com\/fr\/660537\/"},"modified":"2026-01-13T12:01:24","modified_gmt":"2026-01-13T12:01:24","slug":"expo-magellan-un-voyage-qui-changea-le-monde","status":"publish","type":"post","link":"https:\/\/www.europesays.com\/fr\/660537\/","title":{"rendered":"[EXPO] Magellan, un voyage qui changea le monde"},"content":{"rendered":"<p>De passage pour quelques jours dans la Ville lumi\u00e8re, si riche en propositions culturelles, et avant de regagner celle du Vend\u00e9e Globe, nous avons mis le cap vers le <a href=\"https:\/\/www.musee-marine.fr\/nos-musees\/paris\/expositions-et-evenements\/les-expositions\/magellan-un-voyage-qui-changea-le-monde.html\" target=\"_blank\" rel=\"noopener\">mus\u00e9e national de la Marine<\/a> pour d\u00e9couvrir une exposition immersive qui vous embarque \u00e0 bord du premier tour du monde. Pour \u00eatre plus pr\u00e9cis, un tour du monde lanc\u00e9 par Magellan, mais achev\u00e9 par Elcano, puisque l\u2019initiateur du voyage meurt aux Philippines en 1521, lors d\u2019un affrontement.<\/p>\n<p>Il est rare qu\u2019une exposition parvienne \u00e0 tenir en haleine petits et grands, qu\u2019elle sache allier la qualit\u00e9 du fond et celle de la forme, qu\u2019elle propose une exp\u00e9rience pour les sens tout en nourrissant la culture et l\u2019intelligence. Avec Magellan, un voyage qui changea le monde, le pari est r\u00e9ussi.<\/p>\n<p>Une premi\u00e8re salle vous invite \u00e0 vous placer sur une grande carte maritime, partageant le monde du XVIe si\u00e8cle entre les Espagnols et les Portugais. La cloche de la cath\u00e9drale de S\u00e9ville sonne. C\u2019est l\u2019heure d\u2019embarquer \u00e0 bord de l&rsquo;un des cinq navires confi\u00e9s par le roi d\u2019Espagne \u00e0 Magellan le Portugais, nomm\u00e9 capitaine g\u00e9n\u00e9ral de l\u2019exp\u00e9dition. Avec cet objectif : rejoindre l\u2019\u00eele aux \u00e9pices et aux girofles, les Moluques, plus vite que les autres, et emporter ainsi une victoire maritime et commerciale ; et en pariant sur cette promesse : prendre, au milieu du nouveau continent d\u00e9couvert par Colomb, une voie de traverse, m\u00e9connue de tous.<\/p>\n<p>\u00a0<\/p>\n<p><img fetchpriority=\"high\" decoding=\"async\" aria-describedby=\"caption-attachment-875000\" class=\"wp-image-875000 size-large\" src=\"https:\/\/www.europesays.com\/fr\/wp-content\/uploads\/2026\/01\/whatsapp-image-2026-01-10-at-074540-616x462.jpeg\" alt=\"\" width=\"616\" height=\"462\"  \/><\/p>\n<p id=\"caption-attachment-875000\" class=\"wp-caption-text\">@Iris Bridier<\/p>\n<p>Mettez les voiles !<\/p>\n<p>Et nous voici partis, de salle en salle, au gr\u00e9 d\u2019\u00e9crans tendus comme des voiles, \u00e0 la suite de personnages hauts en couleurs, de paysages \u00e0 couper le souffle, de temp\u00eates dantesques, immerg\u00e9s en r\u00e9cits et en images, \u00e0 l\u2019int\u00e9rieur des navires, au c\u0153ur des mutineries, \u00e0 la d\u00e9couverte des indig\u00e8nes, jusqu\u2019au d\u00e9troit qui porte d\u00e9sormais le nom de l\u2019illustre navigateur. On pense \u00e0 Jean Raspail au souvenir de Magellan nommant la Patagonie, faisant face \u00e0 ce peuple de g\u00e9ants, d\u00e9signant Tierra del Fuego, cette contr\u00e9e d\u2019o\u00f9 il voit jaillir des fum\u00e9es embras\u00e9es. C\u2019est son compagnon de voyage, Pigafetta, dont on lit le r\u00e9cit, qui sert de fil conducteur \u00e0 l\u2019exposition, rendant \u00e0 la fois grandiose et intime, universel et personnel ce voyage de l\u00e9gende, le premier qui boucla le tour de notre terre ronde.<\/p>\n<p>\u00a0<\/p>\n<p><img loading=\"lazy\" decoding=\"async\" aria-describedby=\"caption-attachment-875002\" class=\"wp-image-875002 size-large\" src=\"https:\/\/www.europesays.com\/fr\/wp-content\/uploads\/2026\/01\/whatsapp-image-2026-01-10-at-074541-616x462.jpeg\" alt=\"\" width=\"616\" height=\"462\"  \/><\/p>\n<p id=\"caption-attachment-875002\" class=\"wp-caption-text\">@Iris Bridier<\/p>\n<p>\u00a0<\/p>\n<p>In fine, saluons cette nouveaut\u00e9 : les grandes institutions ont compris que, pour faire savant, les poussi\u00e9reuses vitrines align\u00e9es, les panneaux explicatifs, les salles vides de meubles, de vie mise en sc\u00e8ne, \u00ab parce qu\u2019au Moyen \u00c2ge, on ne faisait que passer dans ce ch\u00e2teau et que la cour n\u2019y vivait que quelques mois par an \u00bb, tout cette armada &#8211; de ce que Philippe de Villiers appelle \u00ab les historiens, devenus des m\u00e9decins l\u00e9gistes \u00bb &#8211; \u00e9tait promis aux oubliettes par un public plus f\u00e9ru d\u2019Histoire vivante qu\u2019ils ne le pensaient. Et si <a href=\"https:\/\/www.bvoltaire.fr\/le-puy-du-fou-cest-plouc-land\/\" target=\"_blank\" rel=\"noopener\">le Puy du Fou<\/a>, <a href=\"https:\/\/www.bvoltaire.fr\/tentative-dincendie-du-site-de-rocher-mistral-vers-un-culturo-terrorisme\/\" target=\"_blank\" rel=\"noopener\">le Rocher Mistral<\/a>, <a href=\"https:\/\/www.bvoltaire.fr\/interdire-la-dame-de-pierre-quand-la-gauche-a-un-probleme-avec-la-culture\/\" target=\"_blank\" rel=\"noopener\">la Dame de Pierre<\/a>, <a href=\"https:\/\/www.bvoltaire.fr\/ne-rien-ceder-a-moulins-le-spectacle-murmures-de-la-cite-remonte-sur-scene\/\" target=\"_blank\" rel=\"noopener\">Murmures de la Cit\u00e9<\/a>, toutes ces mises en lumi\u00e8res et spectacles historiques, conspu\u00e9s et r\u00e9guli\u00e8rement censur\u00e9s par la gauche morale les jugeant trop blancs, trop ploucs, trop arri\u00e9r\u00e9s, avaient finalement r\u00e9ussi \u00e0 donner le ton au Paris culturel ? (En cette nouvelle ann\u00e9e, il est encore temps de former des v\u0153ux&#8230;) En tout cas, bravo au mus\u00e9e national de la Marine qui fait figure de proue, et bon vent \u00e0 Magellan ! \u00c0 voir et \u00e0 revoir jusqu\u2019au 1er mars.<\/p>\n<p>                    <a href=\"#\" rel=\"nofollow\" onclick=\"window.print(); pfTrackEvent('[EXPO] &lt;i&gt;Magellan, un voyage qui changea le monde&lt;\/i&gt;'); return false;\" title=\"Printer Friendly, PDF &amp; Email\"><br \/>\n                    <img decoding=\"async\" src=\"https:\/\/www.europesays.com\/fr\/wp-content\/uploads\/2025\/04\/printfriendly-icon-sm.png\" alt=\"Print Friendly, PDF &amp; Email\" class=\"pf-button-img\" style=\"width: 17px;height: 17px;\"\/>Imprimer, enregistrer en PDF cet article<br \/>\n                    <\/a><\/p>\n","protected":false},"excerpt":{"rendered":"De passage pour quelques jours dans la Ville lumi\u00e8re, si riche en propositions culturelles, et avant de regagner&hellip;\n","protected":false},"author":2,"featured_media":660538,"comment_status":"","ping_status":"","sticky":false,"template":"","format":"standard","meta":{"footnotes":""},"categories":[8],"tags":[58,59,1011,27],"class_list":{"0":"post-660537","1":"post","2":"type-post","3":"status-publish","4":"format-standard","5":"has-post-thumbnail","7":"category-divertissement","8":"tag-divertissement","9":"tag-entertainment","10":"tag-fr","11":"tag-france"},"share_on_mastodon":{"url":"https:\/\/pubeurope.com\/@fr\/115887688135357914","error":""},"_links":{"self":[{"href":"https:\/\/www.europesays.com\/fr\/wp-json\/wp\/v2\/posts\/660537","targetHints":{"allow":["GET"]}}],"collection":[{"href":"https:\/\/www.europesays.com\/fr\/wp-json\/wp\/v2\/posts"}],"about":[{"href":"https:\/\/www.europesays.com\/fr\/wp-json\/wp\/v2\/types\/post"}],"author":[{"embeddable":true,"href":"https:\/\/www.europesays.com\/fr\/wp-json\/wp\/v2\/users\/2"}],"replies":[{"embeddable":true,"href":"https:\/\/www.europesays.com\/fr\/wp-json\/wp\/v2\/comments?post=660537"}],"version-history":[{"count":0,"href":"https:\/\/www.europesays.com\/fr\/wp-json\/wp\/v2\/posts\/660537\/revisions"}],"wp:featuredmedia":[{"embeddable":true,"href":"https:\/\/www.europesays.com\/fr\/wp-json\/wp\/v2\/media\/660538"}],"wp:attachment":[{"href":"https:\/\/www.europesays.com\/fr\/wp-json\/wp\/v2\/media?parent=660537"}],"wp:term":[{"taxonomy":"category","embeddable":true,"href":"https:\/\/www.europesays.com\/fr\/wp-json\/wp\/v2\/categories?post=660537"},{"taxonomy":"post_tag","embeddable":true,"href":"https:\/\/www.europesays.com\/fr\/wp-json\/wp\/v2\/tags?post=660537"}],"curies":[{"name":"wp","href":"https:\/\/api.w.org\/{rel}","templated":true}]}}